{"id":35665,"date":"2018-02-19T16:16:10","date_gmt":"2018-02-19T16:16:10","guid":{"rendered":"https:\/\/fg.ull.es\/noticias\/?p=35665"},"modified":"2018-02-19T16:16:38","modified_gmt":"2018-02-19T16:16:38","slug":"segundo-listado-provisional-la-convocatoria-seleccion-personal-participar-proyecto-barrios-empleo-juntos-mas-fuertes-2018bde002","status":"publish","type":"post","link":"https:\/\/fg.ull.es\/noticias\/2018\/02\/19\/segundo-listado-provisional-la-convocatoria-seleccion-personal-participar-proyecto-barrios-empleo-juntos-mas-fuertes-2018bde002\/","title":{"rendered":"Segundo listado provisional de la convocatoria de selecci\u00f3n de personal para participar en el proyecto \u201cBarrios por el empleo juntos m\u00e1s fuertes\u201d (2018BDE002 &#8211; T\u00e9cnico\/a de transferencia)."},"content":{"rendered":"<h4>A continuaci\u00f3n, se presenta el segundo listado provisional de aceptados\/as de la convocatoria de selecci\u00f3n de personal para participar en el proyecto \u201c<em>Barrios por el empleo\u201d <\/em>(2018BDE002- T\u00e9cnico\/a de transferencia).<\/h4>\n<p>A partir de este momento, comienza el periodo de alegaciones que, en ning\u00fan caso, ser\u00e1 periodo de subsanaci\u00f3n de documentaci\u00f3n. Finalizado \u00e9ste, a las 23:59 horas del 22 de febrero de 2018, y resueltas \u00e9stas, se proceder\u00e1 a publicar el segundo listado definitivo.<\/p>\n<p>Las alegaciones \u00fanica y exclusivamente se podr\u00e1n presentar telem\u00e1ticamente al correo electr\u00f3nico seleccion@fg.ull.es y utilizando el siguiente documento normalizado: documento de alegaciones (<a href=\"https:\/\/drive.google.com\/open?id=0B1OuMDhtNMGOTjZRN2hoU3BoWG8\" target=\"_blank\" rel=\"noopener\">doc<\/a>,\u00a0<a href=\"https:\/\/drive.google.com\/open?id=0B1OuMDhtNMGOVUNDbWJEZDk5bms\" target=\"_blank\" rel=\"noopener\">pdf<\/a>,\u00a0<a href=\"https:\/\/drive.google.com\/open?id=0B1OuMDhtNMGOQUlTQUZhdGYzd2s\" target=\"_blank\" rel=\"noopener\">odt<\/a>).<\/p>\n<p>Para la valoraci\u00f3n de todas y cada una de las candidaturas, y de los futuros procesos, se ha tomado\/tomar\u00e1 como fundamento lo especificado en:<\/p>\n<ul>\n<li><a href=\"https:\/\/drive.google.com\/open?id=1_GxmFoyJ3aCDYadjtnsGli6Yrffb218a\" target=\"_blank\" rel=\"noopener\">Bases generales<\/a><\/li>\n<li><a href=\"https:\/\/drive.google.com\/open?id=1Uw5jlbOjr-R8C8fpofOy6DbhtCgb6OYi\" target=\"_blank\" rel=\"noopener\">Perfil singular<\/a><\/li>\n<\/ul>\n<p>Puede ver el listado 2\u00ba Listado Provisional <a href=\"https:\/\/drive.google.com\/file\/d\/1I1FxBbLSNZqDsxSAmWoWvfqIxURBQnxm\/view\" target=\"_blank\" rel=\"noopener\">aqu\u00ed<\/a>.<\/p>\n","protected":false},"excerpt":{"rendered":"<p>A continuaci\u00f3n, se presenta el segundo listado provisional de aceptados\/as de la convocatoria de selecci\u00f3n de personal para participar en el proyecto \u201cBarrios por el empleo\u201d (2018BDE002- T\u00e9cnico\/a de transferencia). A partir de este momento, comienza el periodo de alegaciones que, en ning\u00fan caso, ser\u00e1 periodo de subsanaci\u00f3n de documentaci\u00f3n. Finalizado \u00e9ste, a las 23:59&#8230;<\/p>\n","protected":false},"author":5,"featured_media":0,"comment_status":"closed","ping_status":"closed","sticky":false,"template":"","format":"standard","meta":{"footnotes":""},"categories":[52,232],"tags":[],"featured_image_thumbnail_url":null,"_links":{"self":[{"href":"https:\/\/fg.ull.es\/noticias\/wp-json\/wp\/v2\/posts\/35665"}],"collection":[{"href":"https:\/\/fg.ull.es\/noticias\/wp-json\/wp\/v2\/posts"}],"about":[{"href":"https:\/\/fg.ull.es\/noticias\/wp-json\/wp\/v2\/types\/post"}],"author":[{"embeddable":true,"href":"https:\/\/fg.ull.es\/noticias\/wp-json\/wp\/v2\/users\/5"}],"replies":[{"embeddable":true,"href":"https:\/\/fg.ull.es\/noticias\/wp-json\/wp\/v2\/comments?post=35665"}],"version-history":[{"count":2,"href":"https:\/\/fg.ull.es\/noticias\/wp-json\/wp\/v2\/posts\/35665\/revisions"}],"predecessor-version":[{"id":35667,"href":"https:\/\/fg.ull.es\/noticias\/wp-json\/wp\/v2\/posts\/35665\/revisions\/35667"}],"wp:attachment":[{"href":"https:\/\/fg.ull.es\/noticias\/wp-json\/wp\/v2\/media?parent=35665"}],"wp:term":[{"taxonomy":"category","embeddable":true,"href":"https:\/\/fg.ull.es\/noticias\/wp-json\/wp\/v2\/categories?post=35665"},{"taxonomy":"post_tag","embeddable":true,"href":"https:\/\/fg.ull.es\/noticias\/wp-json\/wp\/v2\/tags?post=35665"}],"curies":[{"name":"wp","href":"https:\/\/api.w.org\/{rel}","templated":true}]}}