{"id":35659,"date":"2018-02-19T16:10:51","date_gmt":"2018-02-19T16:10:51","guid":{"rendered":"https:\/\/fg.ull.es\/noticias\/?p=35659"},"modified":"2018-02-19T16:10:57","modified_gmt":"2018-02-19T16:10:57","slug":"segundo-listado-provisional-la-convocatoria-seleccion-personal-participar-proyecto-barrios-empleo-juntos-mas-fuertes-2017bde028-tecnico-prospeccion","status":"publish","type":"post","link":"https:\/\/fg.ull.es\/noticias\/2018\/02\/19\/segundo-listado-provisional-la-convocatoria-seleccion-personal-participar-proyecto-barrios-empleo-juntos-mas-fuertes-2017bde028-tecnico-prospeccion\/","title":{"rendered":"Segundo listado provisional de la convocatoria de selecci\u00f3n de personal para participar en el proyecto \u201cBarrios por el Empleo Juntos m\u00e1s Fuertes\u201d (2017BDE028 &#8211; TECNICO\/A DE PROSPECCI\u00d3N)"},"content":{"rendered":"<h4>A continuaci\u00f3n, se presenta el segundo listado provisional de aceptados\/as de la convocatoria de selecci\u00f3n de personal para participar en el proyecto \u201c<em>Barrios por el Empleo Juntos m\u00e1s Fuertes\u201d\u00a0 (2017BDE028 &#8211; T\u00c9CNICO\/A DE PROSPECCI\u00d3N)<\/em><\/h4>\n<p>A partir de este momento, comienza el periodo de alegaciones que, en ning\u00fan caso, ser\u00e1 periodo de subsanaci\u00f3n de documentaci\u00f3n. Finalizado \u00e9ste, a las 23:59 horas del 22 de febrero de 2018, y resueltas \u00e9stas, se proceder\u00e1 a publicar el segundo listado definitivo.<\/p>\n<p>Las alegaciones \u00fanica y exclusivamente se podr\u00e1n presentar telem\u00e1ticamente al correo electr\u00f3nico seleccion@fg.ull.es y utilizando el siguiente documento normalizado: documento de alegaciones (<a href=\"https:\/\/drive.google.com\/open?id=0B1OuMDhtNMGOTjZRN2hoU3BoWG8\" target=\"_blank\" rel=\"noopener\">doc<\/a>,\u00a0<a href=\"https:\/\/drive.google.com\/open?id=0B1OuMDhtNMGOVUNDbWJEZDk5bms\" target=\"_blank\" rel=\"noopener\">pdf<\/a>,\u00a0<a href=\"https:\/\/drive.google.com\/open?id=0B1OuMDhtNMGOQUlTQUZhdGYzd2s\" target=\"_blank\" rel=\"noopener\">odt<\/a>).<\/p>\n<p>Para la valoraci\u00f3n de todas y cada una de las candidaturas, y de los futuros procesos, se ha tomado\/tomar\u00e1 como fundamento lo especificado en:<\/p>\n<ul>\n<li><a href=\"https:\/\/drive.google.com\/file\/d\/0B1OuMDhtNMGOcVB5ZUQyQ2d5a0U\/view\" target=\"_blank\" rel=\"noopener\">Bases generales<\/a><\/li>\n<li><a href=\"https:\/\/drive.google.com\/open?id=1O1l-bA8uaeIY8Te3-T8WKO4jm189A4w3\" target=\"_blank\" rel=\"noopener\">Perfil singular<\/a><\/li>\n<\/ul>\n<p>Puede ver el listado 2\u00ba Listado Provisional <a href=\"https:\/\/drive.google.com\/file\/d\/1x0mhl3e8lZJ1OMJLtCyXkXFncnb4pJnk\/view\" target=\"_blank\" rel=\"noopener\">aqu\u00ed<\/a>.<\/p>\n","protected":false},"excerpt":{"rendered":"<p>A continuaci\u00f3n, se presenta el segundo listado provisional de aceptados\/as de la convocatoria de selecci\u00f3n de personal para participar en el proyecto \u201cBarrios por el Empleo Juntos m\u00e1s Fuertes\u201d\u00a0 (2017BDE028 &#8211; T\u00c9CNICO\/A DE PROSPECCI\u00d3N) A partir de este momento, comienza el periodo de alegaciones que, en ning\u00fan caso, ser\u00e1 periodo de subsanaci\u00f3n de documentaci\u00f3n. Finalizado&#8230;<\/p>\n","protected":false},"author":5,"featured_media":0,"comment_status":"closed","ping_status":"closed","sticky":false,"template":"","format":"standard","meta":{"footnotes":""},"categories":[52,232],"tags":[],"featured_image_thumbnail_url":null,"_links":{"self":[{"href":"https:\/\/fg.ull.es\/noticias\/wp-json\/wp\/v2\/posts\/35659"}],"collection":[{"href":"https:\/\/fg.ull.es\/noticias\/wp-json\/wp\/v2\/posts"}],"about":[{"href":"https:\/\/fg.ull.es\/noticias\/wp-json\/wp\/v2\/types\/post"}],"author":[{"embeddable":true,"href":"https:\/\/fg.ull.es\/noticias\/wp-json\/wp\/v2\/users\/5"}],"replies":[{"embeddable":true,"href":"https:\/\/fg.ull.es\/noticias\/wp-json\/wp\/v2\/comments?post=35659"}],"version-history":[{"count":1,"href":"https:\/\/fg.ull.es\/noticias\/wp-json\/wp\/v2\/posts\/35659\/revisions"}],"predecessor-version":[{"id":35661,"href":"https:\/\/fg.ull.es\/noticias\/wp-json\/wp\/v2\/posts\/35659\/revisions\/35661"}],"wp:attachment":[{"href":"https:\/\/fg.ull.es\/noticias\/wp-json\/wp\/v2\/media?parent=35659"}],"wp:term":[{"taxonomy":"category","embeddable":true,"href":"https:\/\/fg.ull.es\/noticias\/wp-json\/wp\/v2\/categories?post=35659"},{"taxonomy":"post_tag","embeddable":true,"href":"https:\/\/fg.ull.es\/noticias\/wp-json\/wp\/v2\/tags?post=35659"}],"curies":[{"name":"wp","href":"https:\/\/api.w.org\/{rel}","templated":true}]}}