{"id":35624,"date":"2018-02-16T16:01:34","date_gmt":"2018-02-16T16:01:34","guid":{"rendered":"https:\/\/fg.ull.es\/noticias\/?p=35624"},"modified":"2018-02-19T16:10:18","modified_gmt":"2018-02-19T16:10:18","slug":"primer-listado-provisional-la-convocatoria-seleccion-personal-participar-proyecto-caracteristicas-aguas-residuales-agua-mar-sedimentos-marinos","status":"publish","type":"post","link":"https:\/\/fg.ull.es\/noticias\/2018\/02\/16\/primer-listado-provisional-la-convocatoria-seleccion-personal-participar-proyecto-caracteristicas-aguas-residuales-agua-mar-sedimentos-marinos\/","title":{"rendered":"Primer listado provisional de la convocatoria de selecci\u00f3n de personal para participar en el proyecto &#8220;Caracter\u00edsticas de aguas residuales, agua de mar y sedimentos marinos&#8221;"},"content":{"rendered":"<h4>A continuaci\u00f3n, se presenta el primer listado provisional de aceptados\/as y excluidos\/as de la convocatoria de selecci\u00f3n de personal para participar en el proyecto &#8220;Caracter\u00edsticas de aguas residuales, agua de mar y sedimentos marinos&#8221;<\/h4>\n<p>A partir de este momento, comienza el periodo de alegaciones que, en ning\u00fan caso, ser\u00e1 periodo de subsanaci\u00f3n de documentaci\u00f3n. Finalizado \u00e9ste, a las 23:59 horas del 21 de febrero de 2018, y resueltas \u00e9stas, se proceder\u00e1n a publicar el primer listado definitivo.<\/p>\n<p>Las alegaciones \u00fanica y exclusivamente se podr\u00e1n presentar telem\u00e1ticamente al correo electr\u00f3nico seleccion@fg.ull.es y utilizando el siguiente documento normalizado: documento de alegaciones (<a href=\"https:\/\/drive.google.com\/open?id=0B1OuMDhtNMGOTjZRN2hoU3BoWG8\" target=\"_blank\" rel=\"noopener\">doc<\/a>,\u00a0<a href=\"https:\/\/drive.google.com\/open?id=0B1OuMDhtNMGOVUNDbWJEZDk5bms\" target=\"_blank\" rel=\"noopener\">pdf<\/a>,\u00a0<a href=\"https:\/\/drive.google.com\/open?id=0B1OuMDhtNMGOQUlTQUZhdGYzd2s\" target=\"_blank\" rel=\"noopener\">odt<\/a>).<\/p>\n<p>Para la valoraci\u00f3n de todas y cada una de las candidaturas, y de los futuros procesos, se ha tomado\/tomar\u00e1 como fundamento lo especificado en:<\/p>\n<ul>\n<li><a href=\"https:\/\/drive.google.com\/open?id=1C-5yEGWaZDlPdRIKiWzIvOCEd74eZvKv\" target=\"_blank\" rel=\"noopener\">Bases generales<\/a><\/li>\n<li><a href=\"https:\/\/drive.google.com\/open?id=1F1pRQJ0W0OyVfJLoseHHMyFPKB4EKs2G\" target=\"_blank\" rel=\"noopener\">Perfil singular<\/a><\/li>\n<\/ul>\n<p>Puede ver el listado provisional <a href=\"https:\/\/drive.google.com\/open?id=1E7fcMyRUDsoTR5YvGHx9H1daWcRTgTn5\" target=\"_blank\" rel=\"noopener\">aqu\u00ed<\/a>.<\/p>\n","protected":false},"excerpt":{"rendered":"<p>A continuaci\u00f3n, se presenta el primer listado provisional de aceptados\/as y excluidos\/as de la convocatoria de selecci\u00f3n de personal para participar en el proyecto &#8220;Caracter\u00edsticas de aguas residuales, agua de mar y sedimentos marinos&#8221; A partir de este momento, comienza el periodo de alegaciones que, en ning\u00fan caso, ser\u00e1 periodo de subsanaci\u00f3n de documentaci\u00f3n. Finalizado&#8230;<\/p>\n","protected":false},"author":5,"featured_media":0,"comment_status":"closed","ping_status":"closed","sticky":false,"template":"","format":"standard","meta":{"footnotes":""},"categories":[52,232],"tags":[98,44],"featured_image_thumbnail_url":null,"_links":{"self":[{"href":"https:\/\/fg.ull.es\/noticias\/wp-json\/wp\/v2\/posts\/35624"}],"collection":[{"href":"https:\/\/fg.ull.es\/noticias\/wp-json\/wp\/v2\/posts"}],"about":[{"href":"https:\/\/fg.ull.es\/noticias\/wp-json\/wp\/v2\/types\/post"}],"author":[{"embeddable":true,"href":"https:\/\/fg.ull.es\/noticias\/wp-json\/wp\/v2\/users\/5"}],"replies":[{"embeddable":true,"href":"https:\/\/fg.ull.es\/noticias\/wp-json\/wp\/v2\/comments?post=35624"}],"version-history":[{"count":2,"href":"https:\/\/fg.ull.es\/noticias\/wp-json\/wp\/v2\/posts\/35624\/revisions"}],"predecessor-version":[{"id":35660,"href":"https:\/\/fg.ull.es\/noticias\/wp-json\/wp\/v2\/posts\/35624\/revisions\/35660"}],"wp:attachment":[{"href":"https:\/\/fg.ull.es\/noticias\/wp-json\/wp\/v2\/media?parent=35624"}],"wp:term":[{"taxonomy":"category","embeddable":true,"href":"https:\/\/fg.ull.es\/noticias\/wp-json\/wp\/v2\/categories?post=35624"},{"taxonomy":"post_tag","embeddable":true,"href":"https:\/\/fg.ull.es\/noticias\/wp-json\/wp\/v2\/tags?post=35624"}],"curies":[{"name":"wp","href":"https:\/\/api.w.org\/{rel}","templated":true}]}}