{"id":35032,"date":"2017-12-26T14:06:10","date_gmt":"2017-12-26T14:06:10","guid":{"rendered":"https:\/\/fg.ull.es\/noticias\/?p=35032"},"modified":"2019-01-17T13:32:19","modified_gmt":"2019-01-17T13:32:19","slug":"monica-gomez-cataliza-entrevista","status":"publish","type":"post","link":"https:\/\/fg.ull.es\/noticias\/2017\/12\/26\/monica-gomez-cataliza-entrevista\/","title":{"rendered":"Luis Moreno, director Academia Se Puede: \u201cTodos los alumnos y alumnas que han realizado pr\u00e1cticas de Cataliza en nuestra empresa han seguido con nosotros, ya con un contrato laboral\u201d"},"content":{"rendered":"<section class=\"wpb-content-wrapper\"><p>[vc_row][vc_column][vc_column_text]El <a href=\"https:\/\/fg.ull.es\/catalizacanarias\/\">programa Cataliza<\/a>, que desarrolla la Fundaci\u00f3n General Universidad de La Laguna (FGULL), tiene un amplio abanico de posibilidades para los reci\u00e9n graduados que se adscriben a \u00e9l.<\/p>\n<p>Una de ellas es la de formarse para trabajar en la docencia, en un centro como la Academia <em>Se Puede<\/em>, que en la actualidad tiene tres j\u00f3venes en pr\u00e1cticas entre sus filas.<\/p>\n<p>Su director general, Luis Moreno Arias, tiene ya experiencia -positiva- en este programa, puesto que su empresa colabora con Cataliza desde la segunda edici\u00f3n.<\/p>\n<p>Por ello, sabe cu\u00e1les son las expectativas de alumnos y empresas que los acogen y que, en el caso de <em>Se puede<\/em>, cuentan, a posteriori, con ellos para incluirlos en su plantilla, lo que sin duda es un acicate para quienes comienzan a introducirse en el mercado laboral.<\/p>\n<p>Este es el caso de los tres j\u00f3venes en pr\u00e1cticas: <strong>M\u00f3nica G\u00f3mez Pestano<\/strong>, graduada en Pedagog\u00eda, especializada en Necesidades Educativas Especiales y Atenci\u00f3n Temprana; <strong>Loreto Rodr\u00edguez Espinosa<\/strong>, graduada en Matem\u00e1ticas y <strong>Carlos Perdomo Guadalupe<\/strong>, graduado en Qu\u00edmica.<\/p>\n<p>Todos conocieron Cataliza a trav\u00e9s de amigos o compa\u00f1eros de Universidad y, aunque sus objetivos son diferentes (M\u00f3nica no sabe a\u00fan qu\u00e9 har\u00e1 tras concluir el periodo de pr\u00e1cticas, Loreto se orienta hacia la docencia, mientras que Carlos ahorra para cursar un m\u00e1ster que complete su formaci\u00f3n), los tres coinciden en los beneficios de participar en el programa.<\/p>\n<p>En ese sentido, M\u00f3nica G\u00f3mez se\u00f1ala que Cataliza \u201ces una de las mejores v\u00edas para comenzar en el mundo laboral, ya que gracias a \u00e9ste tenemos la posibilidad de empezar a llevar a cabo todo aquello que te\u00f3ricamente conocemos\u201d.<\/p>\n<p>En cuanto a la integraci\u00f3n en la empresa, la joven destaca que \u201cdesde un principio encaj\u00e9 perfectamente con todo el personal\u201d, lo que, para ella, \u201ces uno de los puntos m\u00e1s importantes, ya que en el d\u00eda a d\u00eda es un apoyo esencial\u201d.<\/p>\n<p>De las pr\u00e1cticas valora, sobre todo, \u201cla posibilidad de llevar a cabo todo aquello que he aprendido te\u00f3ricamente y hasta ahora no he podido demostrarlo. Adem\u00e1s, he podido aprender muchas m\u00e1s cosas de las que ya conoc\u00eda anteriormente\u201d.<\/p>\n<p>Por su parte, Loreto Rodr\u00edguez tiene claro que su futuro est\u00e1 \u201cen la ense\u00f1anza, ya sea en un colegio o a niveles mayores\u201d y para ello se prepara.<\/p>\n<p>En el caso de Carlos Perdomo, su acercamiento a la docencia comenz\u00f3 con unos talleres llamados \u201cAc\u00e9rcate a la Qu\u00edmica\u201d. Tal y como relata, \u201cen estos cursos dimos clases pr\u00e1cticas, con pinceladas te\u00f3ricas, a chicos de diversos institutos. Este fue mi primer contacto con la docencia, me gust\u00f3 y me llevo a decidirme por el Master de profesorado\u201d.<\/p>\n<p>Por eso, su experiencia en la academia <em>Se Puede<\/em> va en consonancia con sus expectativas, porque, como cuenta, \u201cen este mes y medio me he sentido siempre apoyado y mi opini\u00f3n siempre ha sido atendida para mejorar la empresa\u201d.<\/p>\n<p>Perdomo considera -como sus dos compa\u00f1eras- que seis meses \u201cson suficientes para adquirir los conocimientos necesarios que puedas aprender de la empresa y para que la empresa te conozca\u201d.<\/p>\n<p>En ese sentido, los beneficiarios de la beca coinciden con Luis Moreno, quien a\u00f1ade que \u201cmenos tiempo podr\u00eda impedir la completa formaci\u00f3n de los j\u00f3venes y m\u00e1s tiempo podr\u00eda resultar frustrante para los alumnos en pr\u00e1cticas, ya que al final lo que ellos buscan es un contrato de trabajo\u201d.<\/p>\n<p>Esa es la aspiraci\u00f3n de muchos de los alumnos de Cataliza, y, en el caso de la Academia <em>Se Puede<\/em>, se transforma en realidad, puesto que como explica su director: \u201cTodos los alumnos que han realizado las pr\u00e1cticas del programa Cataliza en nuestra empresa en anteriores ediciones o incluso en esta misma edici\u00f3n y las han finalizado, han continuado luego con nosotros en la academia con un contrato laboral, as\u00ed que no tengo una mejor manera de decir que seg\u00fan mi opini\u00f3n el programa Cataliza es una v\u00eda adecuada para la inserci\u00f3n profesional\u201d.<\/p>\n<p><iframe loading=\"lazy\" width=\"750\" height=\"422\" src=\"https:\/\/www.youtube.com\/embed\/nqYJeg-ykag?feature=oembed\" frameborder=\"0\" gesture=\"media\" allow=\"encrypted-media\" allowfullscreen><\/iframe><\/p>\n<h3>\u201cCataliza es perfecto para la transici\u00f3n de lo te\u00f3rico a lo pr\u00e1ctico\u201d<\/h3>\n<p>Moreno valora la formaci\u00f3n impartida en la Universidad de La Laguna \u201cque cubre las necesidades de los empresarios\u201d, aunque, como reconoce, \u201ces cierto que la formaci\u00f3n es meramente te\u00f3rica y, para esto, un programa como Cataliza, viene muy bien para la transici\u00f3n de lo te\u00f3rico con lo pr\u00e1ctico y poder llevar a cabo una f\u00e1cil conexi\u00f3n entre los estudios universitarios y el mercado laboral\u201d.<\/p>\n<p>En ese sentido, Loreto Rodr\u00edguez, apunta que \u201clas licenciaturas nos preparaban mejor para enfrentarnos a la vida laboral y la ense\u00f1anza era mejor\u201d.<\/p>\n<p>No obstante, anima a que m\u00e1s empresas se acojan al programa Cataliza, \u201cpues permite empezar en el mundo laboral a m\u00e1s alumnos y mayor variedad a la hora de elegir una empresa donde darse a conocer\u201d.<\/p>\n<p>En este caso, el nombre de la empresa colaboradora es revelador: A trav\u00e9s de un programa como Cataliza la inserci\u00f3n en el mercado laboral se convierte en algo m\u00e1s cercano. <em>Se puede<\/em>.<\/p>\n<p>&nbsp;<\/p>\n<p>&nbsp;<\/p>\n<p>&nbsp;<\/p>\n<p>&nbsp;<\/p>\n<p>&nbsp;<\/p>\n<p>&nbsp;<\/p>\n<p>[\/vc_column_text][\/vc_column][\/vc_row][vc_row][vc_column][vc_btn title=&#8221;PROGRAMA CATALIZA&#8221; style=&#8221;classic&#8221; shape=&#8221;square&#8221; color=&#8221;danger&#8221; link=&#8221;url:https%3A%2F%2Ffg.ull.es%2Fcatalizacanarias%2F||target:%20_blank|&#8221;][\/vc_column][\/vc_row]<\/p>\n<\/section>","protected":false},"excerpt":{"rendered":"<p>[vc_row][vc_column][vc_column_text]El programa Cataliza, que desarrolla la Fundaci\u00f3n General Universidad de La Laguna (FGULL), tiene un amplio abanico de posibilidades para los reci\u00e9n graduados que se adscriben a \u00e9l. Una de ellas es la de formarse para trabajar en la docencia, en un centro como la Academia Se Puede, que en la actualidad tiene tres j\u00f3venes&#8230;<\/p>\n","protected":false},"author":17,"featured_media":35033,"comment_status":"closed","ping_status":"closed","sticky":false,"template":"","format":"standard","meta":{"footnotes":""},"categories":[38,810,174],"tags":[143,173,103],"featured_image_thumbnail_url":"https:\/\/fg.ull.es\/noticias\/wp-content\/uploads\/sites\/2\/2017\/12\/CATALIZA_ACADEMIASEPUEDE-300x200.jpg","_links":{"self":[{"href":"https:\/\/fg.ull.es\/noticias\/wp-json\/wp\/v2\/posts\/35032"}],"collection":[{"href":"https:\/\/fg.ull.es\/noticias\/wp-json\/wp\/v2\/posts"}],"about":[{"href":"https:\/\/fg.ull.es\/noticias\/wp-json\/wp\/v2\/types\/post"}],"author":[{"embeddable":true,"href":"https:\/\/fg.ull.es\/noticias\/wp-json\/wp\/v2\/users\/17"}],"replies":[{"embeddable":true,"href":"https:\/\/fg.ull.es\/noticias\/wp-json\/wp\/v2\/comments?post=35032"}],"version-history":[{"count":6,"href":"https:\/\/fg.ull.es\/noticias\/wp-json\/wp\/v2\/posts\/35032\/revisions"}],"predecessor-version":[{"id":35055,"href":"https:\/\/fg.ull.es\/noticias\/wp-json\/wp\/v2\/posts\/35032\/revisions\/35055"}],"wp:featuredmedia":[{"embeddable":true,"href":"https:\/\/fg.ull.es\/noticias\/wp-json\/wp\/v2\/media\/35033"}],"wp:attachment":[{"href":"https:\/\/fg.ull.es\/noticias\/wp-json\/wp\/v2\/media?parent=35032"}],"wp:term":[{"taxonomy":"category","embeddable":true,"href":"https:\/\/fg.ull.es\/noticias\/wp-json\/wp\/v2\/categories?post=35032"},{"taxonomy":"post_tag","embeddable":true,"href":"https:\/\/fg.ull.es\/noticias\/wp-json\/wp\/v2\/tags?post=35032"}],"curies":[{"name":"wp","href":"https:\/\/api.w.org\/{rel}","templated":true}]}}