{"id":34889,"date":"2017-12-13T12:27:46","date_gmt":"2017-12-13T12:27:46","guid":{"rendered":"https:\/\/fg.ull.es\/noticias\/?p=34889"},"modified":"2019-01-17T13:32:19","modified_gmt":"2019-01-17T13:32:19","slug":"entrevista-cataliza-herradores-74-opticos","status":"publish","type":"post","link":"https:\/\/fg.ull.es\/noticias\/2017\/12\/13\/entrevista-cataliza-herradores-74-opticos\/","title":{"rendered":"Laura \u00c1lvarez, alumna beneficiaria: \u201cCataliza constituye un acicate para los reci\u00e9n licenciados\u201d"},"content":{"rendered":"<section class=\"wpb-content-wrapper\"><p>[vc_row][vc_column][vc_column_text]<span style=\"font-weight: 400\"><strong>En un mercado como el canario, en el que el turismo es un sector fundamental y el que m\u00e1s peso tiene en el PIB, es fundamental que las pymes se adapten a la realidad y se abran a otros mercados.<\/strong> <\/span><\/p>\n<p><span style=\"font-weight: 400\">Eso lo ha tenido claro Herradores 74 \u00d3pticos, una empresa que, en los \u00faltimos tiempos, ha mejorado su imagen corporativa y ha adaptado su web a otros idiomas para ser m\u00e1s competitivos. <\/span><\/p>\n<p><span style=\"font-weight: 400\">Y, en este caso concreto, han contado para ello con una alumna del programa Cataliza de la Fundaci\u00f3n General de la Universidad de La Laguna (FGULL). <\/span><\/p>\n<p><span style=\"font-weight: 400\">Su nombre es Laura \u00c1lvarez Machado y es licenciada en Filolog\u00eda Inglesa, lo que le ha permitido ocuparse de la traducci\u00f3n de la p\u00e1gina web y ser la responsable del contacto con clientes extranjeros, adem\u00e1s de preparar estos env\u00edos y pedidos. <\/span><\/p>\n<p><span style=\"font-weight: 400\">Para Laura, el programa Cataliza tiene la ventaja de poder hacer pr\u00e1cticas de manera inmediata, \u201ccon una prestaci\u00f3n econ\u00f3mica superior a otros programas de este tipo\u201d, lo que sin duda constituye un acicate para los reci\u00e9n licenciados que, adem\u00e1s, consiguen el objetivo de tener su primer contacto con el mercado laboral. <\/span><\/p>\n<p><span style=\"font-weight: 400\">As\u00ed lo valora, tambi\u00e9n, Ricardo Ferreira Reyes, coordinador de la Herradores 74 \u00d3pticos y Colegiado en \u00d3ptica y Optometr\u00eda por la Universidad Europea de Madrid, quien cree que habr\u00eda sido positivo contar con un programa as\u00ed en su \u00e9poca de estudiante: \u201cEs importante para el alumno porque, de alguna forma, va cogiendo el ritmo de trabajo de las diferentes empresas en las que participa. Tambi\u00e9n desarrolla sus conocimientos y habilidades, llegando a tener un alto nivel de cualificaci\u00f3n pr\u00e1ctica\u201d, asegura. <\/span>[\/vc_column_text][\/vc_column][\/vc_row][vc_row][vc_column][vc_single_image image=&#8221;34895&#8243; img_size=&#8221;large&#8221; add_caption=&#8221;yes&#8221;][\/vc_column][\/vc_row][vc_row][vc_column][vc_text_separator title=&#8221;Ciclo de dise\u00f1o y desarrollo de propuestas innovadoras&#8221; title_align=&#8221;separator_align_left&#8221; align=&#8221;align_left&#8221;][\/vc_column][\/vc_row][vc_row][vc_column][vc_column_text]<span style=\"font-weight: 400\">Por su parte, Laura \u00c1lvarez asegura que el ciclo de formaci\u00f3n obligatoria sobre dise\u00f1o y desarrollo de propuestas innovadoras en el \u00e1mbito empresarial \u2014principal novedad de esta edici\u00f3n de Cataliza\u2014 \u00a0ha sido un acierto, dado que le ha permitido \u201cmantener contacto con otros compa\u00f1eros del programa, conocer sus trabajos y ver qu\u00e9 tareas desempe\u00f1an\u201d. Tambi\u00e9n considera que fueron interesante \u201calgunos de los aspectos que tratamos para tener una visi\u00f3n diferente\u201d.<\/span><\/p>\n<p><span style=\"font-weight: 400\">La conexi\u00f3n entre esta alumna y la empresa se produjo porque, a trav\u00e9s de FGULL, ella conoci\u00f3 el programa, mientras que Ricardo se dej\u00f3 guiar por la recomendaci\u00f3n de unos amigos que ya hab\u00edan participado en \u00e9l con \u00e9xito. <\/span><\/p>\n<p><span style=\"font-weight: 400\">As\u00ed, descubri\u00f3 las ventajas de Cataliza que, en su opini\u00f3n, \u201ces la mejor v\u00eda para que los j\u00f3venes den el salto al mercado laboral y tener experiencia. Al igual que es muy positivo para la empresa, porque el alumno puede aportarle sus conocimientos y ser part\u00edcipe del progreso\u201d.<\/span><\/p>\n<p><span style=\"font-weight: 400\">De este modo, \u201clos participantes adquieren conocimientos para su futuro y la empresa se beneficia de sus conocimientos mejorando las distintos departamentos\u201d.<\/span><\/p>\n<p><span style=\"font-weight: 400\">Dado que la incorporaci\u00f3n de los alumnos es inmediata y los conocimientos de los mismos son \u201clos adecuados para su r\u00e1pida adaptaci\u00f3n a la empresa\u201d, Herradores 74 \u00d3pticos seguir\u00e1 participando en el programa y dando oportunidades a j\u00f3venes como Laura. <\/span><\/p>\n<p><span style=\"font-weight: 400\">Porque, como concluye Ricardo: \u201cEs una v\u00eda para que el alumno entre en el mercado laboral y, adem\u00e1s, es una ventaja para la empresa contar con gente joven y cualificada\u201d.<\/span>[\/vc_column_text][\/vc_column][\/vc_row][vc_row][vc_column][vc_video link=&#8221;https:\/\/youtu.be\/q80RmbjH9Mc&#8221;][\/vc_column][\/vc_row][vc_row][vc_column][vc_btn title=&#8221;PROGRAMA CATALIZA&#8221; style=&#8221;classic&#8221; shape=&#8221;square&#8221; color=&#8221;danger&#8221; link=&#8221;url:https%3A%2F%2Ffg.ull.es%2Fcatalizacanarias%2F||target:%20_blank|&#8221;][\/vc_column][\/vc_row]<\/p>\n<\/section>","protected":false},"excerpt":{"rendered":"<p>[vc_row][vc_column][vc_column_text]En un mercado como el canario, en el que el turismo es un sector fundamental y el que m\u00e1s peso tiene en el PIB, es fundamental que las pymes se adapten a la realidad y se abran a otros mercados. Eso lo ha tenido claro Herradores 74 \u00d3pticos, una empresa que, en los \u00faltimos tiempos,&#8230;<\/p>\n","protected":false},"author":17,"featured_media":34893,"comment_status":"closed","ping_status":"closed","sticky":false,"template":"","format":"standard","meta":{"footnotes":""},"categories":[810,174],"tags":[143,173],"featured_image_thumbnail_url":"https:\/\/fg.ull.es\/noticias\/wp-content\/uploads\/sites\/2\/2017\/12\/OPTICAHERRADORES_03-1-300x200.jpg","_links":{"self":[{"href":"https:\/\/fg.ull.es\/noticias\/wp-json\/wp\/v2\/posts\/34889"}],"collection":[{"href":"https:\/\/fg.ull.es\/noticias\/wp-json\/wp\/v2\/posts"}],"about":[{"href":"https:\/\/fg.ull.es\/noticias\/wp-json\/wp\/v2\/types\/post"}],"author":[{"embeddable":true,"href":"https:\/\/fg.ull.es\/noticias\/wp-json\/wp\/v2\/users\/17"}],"replies":[{"embeddable":true,"href":"https:\/\/fg.ull.es\/noticias\/wp-json\/wp\/v2\/comments?post=34889"}],"version-history":[{"count":12,"href":"https:\/\/fg.ull.es\/noticias\/wp-json\/wp\/v2\/posts\/34889\/revisions"}],"predecessor-version":[{"id":34913,"href":"https:\/\/fg.ull.es\/noticias\/wp-json\/wp\/v2\/posts\/34889\/revisions\/34913"}],"wp:featuredmedia":[{"embeddable":true,"href":"https:\/\/fg.ull.es\/noticias\/wp-json\/wp\/v2\/media\/34893"}],"wp:attachment":[{"href":"https:\/\/fg.ull.es\/noticias\/wp-json\/wp\/v2\/media?parent=34889"}],"wp:term":[{"taxonomy":"category","embeddable":true,"href":"https:\/\/fg.ull.es\/noticias\/wp-json\/wp\/v2\/categories?post=34889"},{"taxonomy":"post_tag","embeddable":true,"href":"https:\/\/fg.ull.es\/noticias\/wp-json\/wp\/v2\/tags?post=34889"}],"curies":[{"name":"wp","href":"https:\/\/api.w.org\/{rel}","templated":true}]}}