{"id":33927,"date":"2017-09-27T16:24:35","date_gmt":"2017-09-27T15:24:35","guid":{"rendered":"https:\/\/fg.ull.es\/noticias\/?p=33927"},"modified":"2017-09-28T10:29:29","modified_gmt":"2017-09-28T09:29:29","slug":"33927","status":"publish","type":"post","link":"https:\/\/fg.ull.es\/noticias\/2017\/09\/27\/33927\/","title":{"rendered":"Convocatoria de selecci\u00f3n de una bolsa de becas &#8220;PERFIL COMUNICACI\u00d3N&#8221;"},"content":{"rendered":"<h4>A partir del d\u00eda 27\/09\/2017 \u00a0y hasta el pr\u00f3ximo 4 de octubre de 2017 a las 23:59, se abre el proceso de selecci\u00f3n de una bolsa de becarios\u00a0&#8220;PERFIL COMUNICACI\u00d3N&#8221;<\/h4>\n<p>Las personas interesadas en participar en el proceso de selecci\u00f3n, deben cumplir con lo expuesto en las bases generales y perfil singular de la convocatoria. Los requisitos m\u00ednimos para participar son los siguientes:<\/p>\n<ul>\n<li>Ser egresado\/a universitario\/a de la rama de comunicaci\u00f3n, con titulaci\u00f3n homologada por el Ministerio de Educaci\u00f3n Espa\u00f1ol.<\/li>\n<\/ul>\n<p>Para la inscripci\u00f3n es totalmente necesario el cumplimiento de los requisitos expuestos en las bases que se presentan a continuaci\u00f3n:<\/p>\n<ul>\n<li><a href=\"https:\/\/drive.google.com\/open?id=0B2jqJniZNa7HQTRpaVBzLXVfc0U\" target=\"_blank\" rel=\"noopener noreferrer\">Bases generales\u00a0<\/a><\/li>\n<li><a href=\"https:\/\/drive.google.com\/file\/d\/0B2jqJniZNa7HcTZVeHhJcFRKb1k\/view\">Perfil Singular Beca Comunicaci\u00f3n\u00a0(10 meses)<\/a><\/li>\n<\/ul>\n<p>Puedes inscribirte<a href=\"https:\/\/sede.fg.ull.es\/es\/empleo\/detalle\/a17220058\/fundacion-canaria-general-de-la-universidad-de-la-laguna\"> aqu\u00ed\u00a0<\/a><\/p>\n","protected":false},"excerpt":{"rendered":"<p>A partir del d\u00eda 27\/09\/2017 \u00a0y hasta el pr\u00f3ximo 4 de octubre de 2017 a las 23:59, se abre el proceso de selecci\u00f3n de una bolsa de becarios\u00a0&#8220;PERFIL COMUNICACI\u00d3N&#8221; Las personas interesadas en participar en el proceso de selecci\u00f3n, deben cumplir con lo expuesto en las bases generales y perfil singular de la convocatoria. Los&#8230;<\/p>\n","protected":false},"author":3,"featured_media":0,"comment_status":"closed","ping_status":"closed","sticky":false,"template":"","format":"standard","meta":{"footnotes":""},"categories":[52,232],"tags":[206,98],"featured_image_thumbnail_url":null,"_links":{"self":[{"href":"https:\/\/fg.ull.es\/noticias\/wp-json\/wp\/v2\/posts\/33927"}],"collection":[{"href":"https:\/\/fg.ull.es\/noticias\/wp-json\/wp\/v2\/posts"}],"about":[{"href":"https:\/\/fg.ull.es\/noticias\/wp-json\/wp\/v2\/types\/post"}],"author":[{"embeddable":true,"href":"https:\/\/fg.ull.es\/noticias\/wp-json\/wp\/v2\/users\/3"}],"replies":[{"embeddable":true,"href":"https:\/\/fg.ull.es\/noticias\/wp-json\/wp\/v2\/comments?post=33927"}],"version-history":[{"count":7,"href":"https:\/\/fg.ull.es\/noticias\/wp-json\/wp\/v2\/posts\/33927\/revisions"}],"predecessor-version":[{"id":33934,"href":"https:\/\/fg.ull.es\/noticias\/wp-json\/wp\/v2\/posts\/33927\/revisions\/33934"}],"wp:attachment":[{"href":"https:\/\/fg.ull.es\/noticias\/wp-json\/wp\/v2\/media?parent=33927"}],"wp:term":[{"taxonomy":"category","embeddable":true,"href":"https:\/\/fg.ull.es\/noticias\/wp-json\/wp\/v2\/categories?post=33927"},{"taxonomy":"post_tag","embeddable":true,"href":"https:\/\/fg.ull.es\/noticias\/wp-json\/wp\/v2\/tags?post=33927"}],"curies":[{"name":"wp","href":"https:\/\/api.w.org\/{rel}","templated":true}]}}