{"id":32289,"date":"2017-05-04T15:13:21","date_gmt":"2017-05-04T14:13:21","guid":{"rendered":"https:\/\/www.fg.ull.es\/?p=32289\/"},"modified":"2023-03-24T10:29:52","modified_gmt":"2023-03-24T10:29:52","slug":"mil-escolares-llevan-sus-cooperativas-a-las-calles-de-la-laguna","status":"publish","type":"post","link":"https:\/\/fg.ull.es\/noticias\/2017\/05\/04\/mil-escolares-llevan-sus-cooperativas-a-las-calles-de-la-laguna\/","title":{"rendered":"Mil escolares llevan sus cooperativas a las calles de La Laguna"},"content":{"rendered":"<h1>Mil escolares llevan sus cooperativas a las calles de La Laguna<\/h1>\n<h4>La feria, que alcanza su s\u00e9ptima edici\u00f3n, se ha celebrado durante la ma\u00f1ana de hoy, 4 de mayo, en el casco hist\u00f3rico de La Laguna con la participaci\u00f3n de 44 cooperativas escolares.<\/h4>\n<p>La VII Feria de Cooperativas Escolares \u201cEnse\u00f1ar para Emprender\u201d se ha celebrado durante la ma\u00f1ana de hoy, 4 de mayo, en las inmediaciones de la Iglesia de La Concepci\u00f3n y la Catedral del centro de La Laguna con una gran afluencia y participaci\u00f3n de p\u00fablico. En ella se han dado cita las cuarenta y cuatro cooperativas escolares creadas dentro del marco del proyecto, que han acudido a la jornada de hoy desde veintisiete cen Llaveros, plantas, hierbas arom\u00e1ticas, juguetes, art\u00edculos de cuero, bol\u00edgrafos, carteras, collares, imanes de nevera, art\u00edculos de decoraci\u00f3n o libretas hechas a mano son solo algunos de los art\u00edculos que los chicos y chicas de 27 colegios de siete municipios tinerfe\u00f1os pusieron a la venta con gran \u00e9xito de p\u00fablico. Los participantes pudieron disfrutar, adem\u00e1s, de una jornada l\u00fadica con juegos cooperativos, baile y otras actividades educativas.<\/p>\n<p>El rector de la Universidad de La Laguna, Antonio Martin\u00f3n, la concejala de Educaci\u00f3n, Atteneri Falero, el vicerrector de Relaciones con la Sociedad, Francisco Garc\u00eda, y el gerente de la Fundaci\u00f3n General de la ULL, Julio Brito, recorrieron los puestos, charlaron con los escolares y se llevaron varios productos de diferentes cooperativas.<\/p>\n<p>El rector de la ULL, Antonio Martin\u00f3n, se\u00f1al\u00f3: \u201cel proyecto Ense\u00f1ar Para Emprender y su Feria de Cooperativas Escolares es una de las iniciativas de la Universidad y su Fundaci\u00f3n que m\u00e1s nos satisface; tener a m\u00e1s de mil ni\u00f1os en nuestras calles, mostrando su trabajo con tanto orgullo y desparpajo es una gran motivaci\u00f3n. Es muy importante mostrar a los ni\u00f1os que no deben tener miedo a materializar sus ideas y que los mejores resultados se obtienen trabajando en equipo. Este es un proyecto estrella para la Universidad de La Laguna y nos encantar\u00eda que continuara; es una apuesta de futuro, por su puesto de la mano del nuestro Ayuntamiento y de la Consejer\u00eda de Educaci\u00f3n del Gobierno de Canarias.<\/p>\n<p>Por su lado, Atteneri Falero destac\u00f3 las capacidades de todos los chicos y chicas que participan en este proyecto y se refiri\u00f3 al apoyo que da el Ayuntamiento a este tipo de actividades con ni\u00f1os y j\u00f3venes, \u201ccon las que promovemos no solo el aprendizaje efectivo, sino tambi\u00e9n el trabajo en equipo y estimulamos la actitud emprendedora entre la gente m\u00e1s joven. Hoy tenemos aqu\u00ed, en La Laguna, a m\u00e1s de mil ni\u00f1os y sus profesores que est\u00e1n aprendiendo juntos y conviviendo en una jornada en la que lo fundamental es que todos aportan.<\/p>\n<p>La jornada de Feria se iniciaba a las 9 horas, con la llegada de los colegios a sus puestos. Tras la llegada, los escolares se afanaban en colocar sus productos en los stands que ten\u00edan habilitados para ello: decoraban las mesas y el techo de las carpas, pon\u00edan su carta de precios, etc. Una hora despu\u00e9s, a las 10 de la ma\u00f1ana se daba el pistoletazo de salida a la Feria, inici\u00e1ndose la venta\u00a0 de productos que las cooperativas han venido elaborando durante los \u00faltimos meses: los comerciales se acercaban a los transe\u00fantes narr\u00e1ndoles los detalles de sus productos, los encargados de publicidad paseaban con grandes cartelones que anunciaban su cooperativa, los encargados de caja se afanaban en cobrar y mantener las cuentas en orden o los responsables de la decoraci\u00f3n cuidaban que los productos estuvieran correctamente colocados y con una presencia est\u00e9tica y cuidada.<\/p>\n<p>Entre los productos elaborados se pod\u00edan encontrar desde verduras cultivadas en sus huertos escolares, libretas hechas con materiales reciclables o bisuter\u00eda, hasta pomadas y jabones o detalles decorativos.<\/p>\n<p><strong>Ense\u00f1ar para Emprender (EPE)<\/strong><\/p>\n<p>EPE es un proyecto que organiza la Universidad de La Laguna, a trav\u00e9s de su Fundaci\u00f3n General, que consiste en la simulaci\u00f3n de la creaci\u00f3n de empresas cooperativas, realizando todo el recorrido necesario: desde la conceptualizaci\u00f3n del negocio, b\u00fasqueda de financiaci\u00f3n y tramitaci\u00f3n administrativa siempre desde un punto de vista l\u00fadico y divertido para ellos. Todo este itinerario se plantea desde el fomento de valores como el trabajo en equipo, la solidaridad o la igualdad. Adem\u00e1s, en todo momento se busca la implicaci\u00f3n de sus familias, con lo que el proceso es enriquecedor para todos los agentes implicados.<\/p>\n<p>&nbsp;<\/p>\n","protected":false},"excerpt":{"rendered":"<p>La feria, que alcanza su s\u00e9ptima edici\u00f3n, se ha celebrado durante la ma\u00f1ana de hoy, 4 de mayo, en el casco hist\u00f3rico de La Laguna con la participaci\u00f3n de 44 cooperativas escolares.<\/p>\n","protected":false},"author":3,"featured_media":32290,"comment_status":"closed","ping_status":"closed","sticky":false,"template":"","format":"standard","meta":{"footnotes":""},"categories":[38,1411],"tags":[40,156],"featured_image_thumbnail_url":"https:\/\/fg.ull.es\/noticias\/wp-content\/uploads\/sites\/2\/2017\/05\/Feria-EPE-Laguna-006-300x200.jpg","_links":{"self":[{"href":"https:\/\/fg.ull.es\/noticias\/wp-json\/wp\/v2\/posts\/32289"}],"collection":[{"href":"https:\/\/fg.ull.es\/noticias\/wp-json\/wp\/v2\/posts"}],"about":[{"href":"https:\/\/fg.ull.es\/noticias\/wp-json\/wp\/v2\/types\/post"}],"author":[{"embeddable":true,"href":"https:\/\/fg.ull.es\/noticias\/wp-json\/wp\/v2\/users\/3"}],"replies":[{"embeddable":true,"href":"https:\/\/fg.ull.es\/noticias\/wp-json\/wp\/v2\/comments?post=32289"}],"version-history":[{"count":1,"href":"https:\/\/fg.ull.es\/noticias\/wp-json\/wp\/v2\/posts\/32289\/revisions"}],"predecessor-version":[{"id":53134,"href":"https:\/\/fg.ull.es\/noticias\/wp-json\/wp\/v2\/posts\/32289\/revisions\/53134"}],"wp:featuredmedia":[{"embeddable":true,"href":"https:\/\/fg.ull.es\/noticias\/wp-json\/wp\/v2\/media\/32290"}],"wp:attachment":[{"href":"https:\/\/fg.ull.es\/noticias\/wp-json\/wp\/v2\/media?parent=32289"}],"wp:term":[{"taxonomy":"category","embeddable":true,"href":"https:\/\/fg.ull.es\/noticias\/wp-json\/wp\/v2\/categories?post=32289"},{"taxonomy":"post_tag","embeddable":true,"href":"https:\/\/fg.ull.es\/noticias\/wp-json\/wp\/v2\/tags?post=32289"}],"curies":[{"name":"wp","href":"https:\/\/api.w.org\/{rel}","templated":true}]}}