{"id":31311,"date":"2017-02-09T14:45:05","date_gmt":"2017-02-09T14:45:05","guid":{"rendered":"https:\/\/www.fg.ull.es\/?p=31311\/"},"modified":"2017-12-05T10:00:52","modified_gmt":"2017-12-05T10:00:52","slug":"formacion-gratuita-en-gestion-de-la-innovacion-en-los-realejos-icod-y-la-orotava","status":"publish","type":"post","link":"https:\/\/fg.ull.es\/noticias\/2017\/02\/09\/formacion-gratuita-en-gestion-de-la-innovacion-en-los-realejos-icod-y-la-orotava\/","title":{"rendered":"Formaci\u00f3n gratuita en Gesti\u00f3n de la Innovaci\u00f3n en Los Realejos, Icod y La Orotava"},"content":{"rendered":"<section class=\"wpb-content-wrapper\"><p>[vc_row][vc_column][vc_column_text]<\/p>\n<h1>Formaci\u00f3n gratuita en Gesti\u00f3n de la Innovaci\u00f3n en Los Realejos, Icod y La Orotava<\/h1>\n<h4>Se iniciar\u00e1n durante la pr\u00f3xima semana y habilitar\u00e1n a sus participantes como promotores\/as de la innovaci\u00f3n.<\/h4>\n<p>Le <a href=\"https:\/\/fg.ull.es\/gdi\/inscripciones_n1yn2\/\">Programa de Gesti\u00f3n de la Innovaci\u00f3n<\/a>, financiado por la <a href=\"http:\/\/www.gobiernodecanarias.org\/aciisi\/\">Agencia Canaria de Investigaci\u00f3n, Innovaci\u00f3n y Sociedad de la Informaci\u00f3n del Gobierno de Canarias (ACIISI)<\/a>, lleva su propuesta formativa a la zona norte de la isla. En los d\u00edas <strong>13, 14 y 15<\/strong> de febrero se iniciar\u00e1n cursos en <strong>Icod, Los Realejos y La Orotava<\/strong>, respectivamente. La participaci\u00f3n en estos cursos es completamente gratuita y de car\u00e1cter semipresencial, con 4 horas de asistencia y 16 de trabajo en el aula virtual.<\/p>\n<p>Las personas que superen la formaci\u00f3n quedar\u00e1n acreditadas en el nivel de \u201cPromoci\u00f3n de la Innovaci\u00f3n\u201d; la certificaci\u00f3n es expedida por la Universidad de La Laguna que, a trav\u00e9s de su Fundaci\u00f3n General, es la responsable de la gesti\u00f3n de este curso en la provincia de Santa Cruz.<\/p>\n<p>Los y las estudiantes se aproximar\u00e1n a conceptos b\u00e1sicos de innovaci\u00f3n y competitividad, conocer\u00e1n las relaciones entre I+D p\u00fablica e innovaci\u00f3n empresarial y se har\u00e1 un recorrido por las etapas del proceso innovador.<\/p>\n<p>Se destina espec\u00edficamente a personas con titulaci\u00f3n universitaria y de formaci\u00f3n profesional, empresariado, emprendedores e investigadores que pueden inscribirse, de forma gratuita, a trav\u00e9s de la web del programa (www.fg.ull.es\/gdi).<\/p>\n<p>Con este programa impulsado por la ACIISI pretende mejorar las competencias de profesionales en activo o en situaci\u00f3n de desempleo en tem\u00e1ticas como innovaci\u00f3n verde, social y tecnol\u00f3gica.<\/p>\n<p>El Programa de Formaci\u00f3n de Gesti\u00f3n de la Innovaci\u00f3n se estructura en tres niveles: Promoci\u00f3n, Gesti\u00f3n y Consultor\u00eda de la Innovaci\u00f3n. Se lleva a cabo en colaboraci\u00f3n con la Fundaci\u00f3n Universitaria de Las Palmas y gracias a la financiaci\u00f3n de la Agencia Canaria de Investigaci\u00f3n, Innovaci\u00f3n y Sociedad de la Informaci\u00f3n del Gobierno de Canarias (ACIISI).<\/p>\n<p>[\/vc_column_text][vc_btn title=&#8221;LOS REALEJOS &#8211; INSCRIPCI\u00d3N&#8221; style=&#8221;classic&#8221; shape=&#8221;square&#8221; color=&#8221;danger&#8221; link=&#8221;url:https%3A%2F%2Fsede.fg.ull.es%2Fes%2Fcurso%2Fdetalle%2Fa17120032%2Fcurso-promocion-de-la-innovacion-n1||target:%20_blank|&#8221;][vc_btn title=&#8221;LA OROTAVA &#8211; INSCRIPCI\u00d3N&#8221; style=&#8221;classic&#8221; shape=&#8221;square&#8221; color=&#8221;danger&#8221; link=&#8221;url:https%3A%2F%2Fsede.fg.ull.es%2Fes%2Fcurso%2Fdetalle%2Fa17120032%2Fcurso-promocion-de-la-innovacion-n1||target:%20_blank|&#8221;][vc_btn title=&#8221;ICOD &#8211; INSCRIPCI\u00d3N&#8221; style=&#8221;classic&#8221; shape=&#8221;square&#8221; color=&#8221;danger&#8221; link=&#8221;url:https%3A%2F%2Fsede.fg.ull.es%2Fes%2Fcurso%2Fdetalle%2Fa17120036%2Fcurso-promocion-de-la-innovacion-n1||target:%20_blank|&#8221;][\/vc_column][\/vc_row]<\/p>\n<\/section>","protected":false},"excerpt":{"rendered":"<p>Se iniciar\u00e1n durante la pr\u00f3xima semana y habilitar\u00e1n a sus participantes como promotores\/as de la innovaci\u00f3n. <\/p>\n","protected":false},"author":3,"featured_media":31238,"comment_status":"closed","ping_status":"closed","sticky":false,"template":"","format":"standard","meta":{"footnotes":""},"categories":[10],"tags":[45,60,17,18],"featured_image_thumbnail_url":"https:\/\/fg.ull.es\/noticias\/wp-content\/uploads\/sites\/2\/2017\/02\/Judith-Rodriguez-05-min-300x200.jpg","_links":{"self":[{"href":"https:\/\/fg.ull.es\/noticias\/wp-json\/wp\/v2\/posts\/31311"}],"collection":[{"href":"https:\/\/fg.ull.es\/noticias\/wp-json\/wp\/v2\/posts"}],"about":[{"href":"https:\/\/fg.ull.es\/noticias\/wp-json\/wp\/v2\/types\/post"}],"author":[{"embeddable":true,"href":"https:\/\/fg.ull.es\/noticias\/wp-json\/wp\/v2\/users\/3"}],"replies":[{"embeddable":true,"href":"https:\/\/fg.ull.es\/noticias\/wp-json\/wp\/v2\/comments?post=31311"}],"version-history":[{"count":1,"href":"https:\/\/fg.ull.es\/noticias\/wp-json\/wp\/v2\/posts\/31311\/revisions"}],"predecessor-version":[{"id":34737,"href":"https:\/\/fg.ull.es\/noticias\/wp-json\/wp\/v2\/posts\/31311\/revisions\/34737"}],"wp:featuredmedia":[{"embeddable":true,"href":"https:\/\/fg.ull.es\/noticias\/wp-json\/wp\/v2\/media\/31238"}],"wp:attachment":[{"href":"https:\/\/fg.ull.es\/noticias\/wp-json\/wp\/v2\/media?parent=31311"}],"wp:term":[{"taxonomy":"category","embeddable":true,"href":"https:\/\/fg.ull.es\/noticias\/wp-json\/wp\/v2\/categories?post=31311"},{"taxonomy":"post_tag","embeddable":true,"href":"https:\/\/fg.ull.es\/noticias\/wp-json\/wp\/v2\/tags?post=31311"}],"curies":[{"name":"wp","href":"https:\/\/api.w.org\/{rel}","templated":true}]}}