{"id":31285,"date":"2017-02-07T12:31:29","date_gmt":"2017-02-07T12:31:29","guid":{"rendered":"https:\/\/www.fg.ull.es\/?p=31285\/"},"modified":"2017-02-07T12:31:29","modified_gmt":"2017-02-07T12:31:29","slug":"el-programa-romed-finaliza-su-primera-fase-con-la-capacitacion-de-once-personas-como-mediadoras-comunitarias","status":"publish","type":"post","link":"https:\/\/fg.ull.es\/noticias\/2017\/02\/07\/el-programa-romed-finaliza-su-primera-fase-con-la-capacitacion-de-once-personas-como-mediadoras-comunitarias\/","title":{"rendered":"El Programa ROMED finaliza su primera fase con la capacitaci\u00f3n de once personas como mediadoras comunitarias"},"content":{"rendered":"<h1>El Programa ROMED finaliza su primera fase con la capacitaci\u00f3n de once personas como mediadoras comunitarias<\/h1>\n<h4>El Programa Europeo ROMED de Capacitaci\u00f3n en Mediaci\u00f3n Comunitaria, impulsado por el Consejo de Europa y la Uni\u00f3n Europea, ha desarrollado estos d\u00edas la segunda etapa de la formaci\u00f3n de las personas seleccionadas para trabajar como mediadoras comunitarias entre la comunidad gitana de Tenerife y las administraciones p\u00fablicas<\/h4>\n<p>El Programa Europeo ROMED de Capacitaci\u00f3n en Mediaci\u00f3n Comunitaria, que se inici\u00f3 en Tenerife en junio de 2016 con el objetivo de formar a personas gitanas para que ejerzan como mediadoras en su comunidad, ha llevado a cabo los d\u00edas 2, 3 y 4 de febrero la segunda fase del proceso formativo que se est\u00e1 realizando para preparar a las personas seleccionadas para ejercer la mediaci\u00f3n entre la comunidad roman\u00ed y las administraciones p\u00fablicas de la Isla.<\/p>\n<p>Esta iniciativa, que se desarrolla en el marco de la estrategia <em>Juntos En la misma direcci\u00f3n<\/em>, iniciativa promovida por el \u00c1rea de Empleo, Comercio, Industria y Desarrollo Econ\u00f3mico del Cabildo de Tenerife y por la Universidad de La Laguna a trav\u00e9s del Observatorio de la Inmigraci\u00f3n de Tenerife OBITen, \u00a0tiene como objetivo utilizar las herramientas de la mediaci\u00f3n comunitaria para tratar algunas desigualdades a las que debe enfrentarse la poblaci\u00f3n roman\u00ed en materia de acceso a empleo, servicios de salud, vivienda y educaci\u00f3n de calidad.<\/p>\n<p>Esta segunda fase formativa, que se ha desarrollado en Santa Cruz de Tenerife, ha contado con la presencia de los responsables de esta iniciativa a nivel europeo. En la misma han tomado parte las once personas seleccionadas en la fase previa para participar en este Programa y un t\u00e9cnico de Barrios por el Empleo: Juntos m\u00e1s fuertes, vinculado a un proyecto experimental que se est\u00e1 desarrollando desde esta iniciativa con la comunidad gitana. Ser\u00e1 a trav\u00e9s de este proyecto, desde donde se coordinar\u00e1n las pr\u00e1cticas formativas que van a realizar las personas participantes en ROMED.<\/p>\n<p>La formaci\u00f3n ha constado de varias sesiones de trabajo con el equipo formador del Programa ROMED y con representantes de los proyectos a los que est\u00e1 vinculada esta iniciativa, como son Barrios por el Empleo: Juntos m\u00e1s fuertes y Juntos En la misma direcci\u00f3n. La formaci\u00f3n concluy\u00f3 con la entrega de certificaciones y un acto institucional en el que estuvieron representados algunos de los ayuntamientos implicados en el desarrollo de este Programa Europeo en la isla de Tenerife, as\u00ed como la responsable de formaci\u00f3n de la C\u00e1mara de Comercio de Santa Cruz de Tenerife.<\/p>\n<p>El consejero de Empleo, Comercio, Industria y Desarrollo Econ\u00f3mico del Cabildo de Tenerife, Efra\u00edn Medina, se\u00f1ala que \u201cla comunidad gitana tiene una presencia importante en algunas zonas de Tenerife en las que lleva asentada desde hace medio siglo, por lo que es magn\u00edfico tener una herramienta para trabajar con ella a trav\u00e9s de la mediaci\u00f3n, que sirva para mejorar las relaciones de convivencia y el acercamiento de esta comunidad con las instituciones y los y las responsables p\u00fablicos\u201d.<\/p>\n<p>Por su parte, el vicerrector de Relaciones con la Sociedad de la Universidad de La Laguna, Francisco Garc\u00eda, valora el Programa ROMED como \u201cuna iniciativa ejemplar, ya que el primer paso para la integraci\u00f3n y la convivencia es el conocimiento, as\u00ed que trabajar con la comunidad gitana de la Isla para conocer mejor sus necesidades, intereses y opiniones es ideal para estrechar la relaci\u00f3n de esta comunidad con las administraciones y para optimizar la convivencia en nuestra sociedad. Por este motivo, creo que es ideal emplear a personas gitanas para que desempe\u00f1en esa misi\u00f3n de mediadoras y es un orgullo para la Universidad de La Laguna formar parte de este proyecto, ya que uno de nuestros objetivos como instituci\u00f3n es respetar e integrar a todas las personas por igual\u201d.<\/p>\n<p>Asimismo, Tom\u00e1s Moreno, participante e interlocutor entre el Consejo de Europa y las instituciones y proyectos a trav\u00e9s de los cuales se desarrolla la iniciativa en la Isla, manifiesta que \u2018\u2019ROMED ha permitido ir cambiando la percepci\u00f3n de la poblaci\u00f3n gitana a cerca de la formaci\u00f3n, ya que ahora se comienza a valorar mucho m\u00e1s cualquier acci\u00f3n formativa que se realice. Por eso, estamos viendo que cada vez son m\u00e1s personas roman\u00eds las que se interesan por mejorar sus capacidades acad\u00e9micas y laborales\u2019\u2019.<\/p>\n<p>Este Programa impulsado por el Consejo de Europa y la Uni\u00f3n Europea est\u00e1 desarrollado en la isla de Tenerife conjuntamente por el Cabildo de Tenerife, la Universidad de La Laguna y su Fundaci\u00f3n General, a trav\u00e9s de la iniciativa <em>Juntos En la misma direcci\u00f3n<\/em>. El primer paso de este proceso de capacitaci\u00f3n ha consistido en la realizaci\u00f3n de una formaci\u00f3n, dividida en dos fases, cuyo objetivo es trasladar a personas procedentes de las comunidades gitanas tinerfe\u00f1as las herramientas necesarias para que act\u00faen como mediadoras comunitarias.<\/p>\n<p>La idea de ROMED es emplear a personas mediadoras con experiencia con la comunidad gitana de referencia, cuyas tareas y responsabilidades incluir\u00edan facilitar la comunicaci\u00f3n entre las personas gitanas y las instituciones p\u00fablicas. Estas personas mediadoras establecer\u00edan una relaci\u00f3n de confianza y comunicaci\u00f3n abierta con los representantes de las partes interesadas; intentando entender la situaci\u00f3n para reflejar los diferentes puntos de vista, opiniones y sentimientos; estableciendo el contacto entre las partes, asegurando una comunicaci\u00f3n eficaz y facilitando y reforzando la comunicaci\u00f3n entre la comunidad gitana y las instituciones p\u00fablicas en \u00e1mbitos como la sanidad, la educaci\u00f3n, la vivienda y el empleo.<\/p>\n","protected":false},"excerpt":{"rendered":"<p>El Programa Europeo ROMED de Capacitaci\u00f3n en Mediaci\u00f3n Comunitaria, impulsado por el Consejo de Europa y la Uni\u00f3n Europea, ha desarrollado estos d\u00edas la segunda etapa de la formaci\u00f3n de las personas seleccionadas para trabajar como mediadoras comunitarias entre la comunidad gitana de Tenerife y las administraciones p\u00fablicas<\/p>\n","protected":false},"author":3,"featured_media":31286,"comment_status":"closed","ping_status":"closed","sticky":false,"template":"","format":"standard","meta":{"footnotes":""},"categories":[10,4],"tags":[67],"featured_image_thumbnail_url":"https:\/\/fg.ull.es\/noticias\/wp-content\/uploads\/sites\/2\/2017\/02\/16388084_1290663077693141_7988002292028938498_n-300x169.jpg","_links":{"self":[{"href":"https:\/\/fg.ull.es\/noticias\/wp-json\/wp\/v2\/posts\/31285"}],"collection":[{"href":"https:\/\/fg.ull.es\/noticias\/wp-json\/wp\/v2\/posts"}],"about":[{"href":"https:\/\/fg.ull.es\/noticias\/wp-json\/wp\/v2\/types\/post"}],"author":[{"embeddable":true,"href":"https:\/\/fg.ull.es\/noticias\/wp-json\/wp\/v2\/users\/3"}],"replies":[{"embeddable":true,"href":"https:\/\/fg.ull.es\/noticias\/wp-json\/wp\/v2\/comments?post=31285"}],"version-history":[{"count":0,"href":"https:\/\/fg.ull.es\/noticias\/wp-json\/wp\/v2\/posts\/31285\/revisions"}],"wp:featuredmedia":[{"embeddable":true,"href":"https:\/\/fg.ull.es\/noticias\/wp-json\/wp\/v2\/media\/31286"}],"wp:attachment":[{"href":"https:\/\/fg.ull.es\/noticias\/wp-json\/wp\/v2\/media?parent=31285"}],"wp:term":[{"taxonomy":"category","embeddable":true,"href":"https:\/\/fg.ull.es\/noticias\/wp-json\/wp\/v2\/categories?post=31285"},{"taxonomy":"post_tag","embeddable":true,"href":"https:\/\/fg.ull.es\/noticias\/wp-json\/wp\/v2\/tags?post=31285"}],"curies":[{"name":"wp","href":"https:\/\/api.w.org\/{rel}","templated":true}]}}