{"id":31278,"date":"2017-02-06T16:20:57","date_gmt":"2017-02-06T16:20:57","guid":{"rendered":"https:\/\/www.fg.ull.es\/?p=31278\/"},"modified":"2017-12-05T10:00:14","modified_gmt":"2017-12-05T10:00:14","slug":"cursos-del-programa-de-gestion-de-la-innovacion-en-el-area-metropolitana","status":"publish","type":"post","link":"https:\/\/fg.ull.es\/noticias\/2017\/02\/06\/cursos-del-programa-de-gestion-de-la-innovacion-en-el-area-metropolitana\/","title":{"rendered":"Cursos del Programa de Gesti\u00f3n de la Innovaci\u00f3n en el \u00e1rea metropolitana"},"content":{"rendered":"<h1>Cursos del Programa de Gesti\u00f3n de la Innovaci\u00f3n en el \u00e1rea metropolitana<\/h1>\n<h4>Se han organizado formaciones en Taco, Santa Cruz de Tenerife, Tacoronte y Tegueste que comenzar\u00e1n a lo largo de la semana que comienza el 13 de febrero.<\/h4>\n<p>El<a href=\"https:\/\/fg.ull.es\/gdi\/\"> Programa de Gesti\u00f3n de la Innovaci\u00f3n de la de Agencia Canaria de Investigaci\u00f3n, Innovaci\u00f3n y Sociedad de la Informaci\u00f3n del Gobierno de Canarias (ACIISI)<\/a> ofrece a las personas interesadas la pr\u00f3xima propuesta de formaci\u00f3n gratuita. La oferta se extiende a toda la isla de Tenerife y a las islas de El Hierro, La Palma y La Gomera. Si bien, a continuaci\u00f3n, presentamos la correspondiente a la zona metropolitana y cercan\u00eda en la que se desarrollar\u00e1n cuatro cursos a partir de la pr\u00f3xima semana. En todos los casos se trata de cursos <strong>semipresenciales<\/strong> con 4 horas de asistencia y 16 de trabajo en el aula virtual.<br \/>\n<strong>Taco.<\/strong> Se celebrar\u00e1 entre el 14 de febrero y el 3 de marzo en la Fundaci\u00f3n Proyecto Don Bosco. <strong><a href=\"https:\/\/sede.fg.ull.es\/es\/curso\/detalle\/a17120028\/curso-promocion-de-la-innovacion-n1\">INSCRIPCI\u00d3N AQU\u00cd<\/a><\/strong><br \/>\n<strong>Santa Cruz de Tenerife.<\/strong> Tendr\u00e1 lugar entre el 15 de febrero y el 3 de marzo; el espacio est\u00e1 pendiente de confirmaci\u00f3n.\u00a0<strong><a href=\"https:\/\/sede.fg.ull.es\/es\/curso\/detalle\/a17120034\/curso-promocion-de-la-innovacion-n1\">INSCRIPCI\u00d3N AQU\u00cd<\/a><\/strong><br \/>\n<strong>Tegueste.<\/strong> Ser\u00e1 entre el 10 y el 25 de febrero en el Teatro Pr\u00edncipe Felipe.\u00a0<strong><a href=\"https:\/\/sede.fg.ull.es\/es\/curso\/detalle\/a17120033\/curso-promocion-de-la-innovacion-n1\">INSCRIPCI\u00d3N AQU\u00cd<\/a><\/strong><\/p>\n<p><strong>Tacoronte.<\/strong> Entre el 13 de febrero y el 2 de marzo, en\u00a0\u00a0la Casa de la Cultura del Ayuntamiento de Tacoronte.\u00a0\u00a0<strong><a href=\"https:\/\/sede.fg.ull.es\/es\/curso\/detalle\/a17120035\/curso-promocion-de-la-innovacion-n1\">INSCRIPCI\u00d3N AQU\u00cd<\/a><\/strong><br \/>\nEn estos cursos se llevar\u00e1 a cabo un acercamiento a los conceptos b\u00e1sicos de innovaci\u00f3n y competitividad, se expondr\u00e1n las relaciones entre I+D p\u00fablica e innovaci\u00f3n empresarial y se har\u00e1 un recorrido por las etapas del proceso innovador.<br \/>\nAl finalizar el curso se har\u00e1 entrega de un certificado avalado tanto por la Universidad de La Laguna, a trav\u00e9s de su Fundaci\u00f3n General, como por la Agencia Canaria de Investigaci\u00f3n, Innovaci\u00f3n y Sociedad de la Informaci\u00f3n del Gobierno de Canarias (ACIISI). La participaci\u00f3n es completamente gratuita, hasta que se completen las plazas disponibles.<br \/>\nLa gesti\u00f3n y desarrollo de esta actividad depende de la Universidad de La Laguna, a trav\u00e9s de su Fundaci\u00f3n General, y pretende mejorar las competencias de profesionales en activo o en situaci\u00f3n de desempleo en tem\u00e1ticas como innovaci\u00f3n verde, social y tecnol\u00f3gica.<br \/>\nEst\u00e1 dirigido a personas con titulaci\u00f3n universitaria y de formaci\u00f3n profesional, empresariado, emprendedores e investigadores que pueden inscribirse, de forma gratuita, a trav\u00e9s de la web del programa (<a href=\"http:\/\/www.fg.ull.es\/gdi\">www.fg.ull.es\/gdi<\/a>).<br \/>\nEl Programa de Formaci\u00f3n de Gesti\u00f3n de la Innovaci\u00f3n se estructura en tres niveles: Promoci\u00f3n, Gesti\u00f3n y Consultor\u00eda de la Innovaci\u00f3n. Se lleva a cabo en colaboraci\u00f3n con la Fundaci\u00f3n Universitaria de Las Palmas y gracias a la financiaci\u00f3n de la Agencia Canaria de Investigaci\u00f3n, Innovaci\u00f3n y Sociedad de la Informaci\u00f3n del Gobierno de Canarias (ACIISI).<\/p>\n","protected":false},"excerpt":{"rendered":"<p>Se han organizado formaciones en Taco, Santa Cruz de Tenerife, Tacoronte y Tegueste que comenzar\u00e1n a lo largo de la semana que comienza el 13 de febrero.<\/p>\n","protected":false},"author":3,"featured_media":31188,"comment_status":"closed","ping_status":"closed","sticky":false,"template":"","format":"standard","meta":{"footnotes":""},"categories":[10],"tags":[68,44,45,60],"featured_image_thumbnail_url":"https:\/\/fg.ull.es\/noticias\/wp-content\/uploads\/sites\/2\/2017\/01\/banner1920x776px-300x121.jpg","_links":{"self":[{"href":"https:\/\/fg.ull.es\/noticias\/wp-json\/wp\/v2\/posts\/31278"}],"collection":[{"href":"https:\/\/fg.ull.es\/noticias\/wp-json\/wp\/v2\/posts"}],"about":[{"href":"https:\/\/fg.ull.es\/noticias\/wp-json\/wp\/v2\/types\/post"}],"author":[{"embeddable":true,"href":"https:\/\/fg.ull.es\/noticias\/wp-json\/wp\/v2\/users\/3"}],"replies":[{"embeddable":true,"href":"https:\/\/fg.ull.es\/noticias\/wp-json\/wp\/v2\/comments?post=31278"}],"version-history":[{"count":1,"href":"https:\/\/fg.ull.es\/noticias\/wp-json\/wp\/v2\/posts\/31278\/revisions"}],"predecessor-version":[{"id":34734,"href":"https:\/\/fg.ull.es\/noticias\/wp-json\/wp\/v2\/posts\/31278\/revisions\/34734"}],"wp:featuredmedia":[{"embeddable":true,"href":"https:\/\/fg.ull.es\/noticias\/wp-json\/wp\/v2\/media\/31188"}],"wp:attachment":[{"href":"https:\/\/fg.ull.es\/noticias\/wp-json\/wp\/v2\/media?parent=31278"}],"wp:term":[{"taxonomy":"category","embeddable":true,"href":"https:\/\/fg.ull.es\/noticias\/wp-json\/wp\/v2\/categories?post=31278"},{"taxonomy":"post_tag","embeddable":true,"href":"https:\/\/fg.ull.es\/noticias\/wp-json\/wp\/v2\/tags?post=31278"}],"curies":[{"name":"wp","href":"https:\/\/api.w.org\/{rel}","templated":true}]}}