{"id":31137,"date":"2017-01-20T15:56:16","date_gmt":"2017-01-20T15:56:16","guid":{"rendered":"http:\/\/www.fg.ull.es\/?p=31137\/"},"modified":"2017-01-20T15:56:16","modified_gmt":"2017-01-20T15:56:16","slug":"un-dia-para-el-agua-en-el-museo-de-la-ciencia-y-el-cosmos","status":"publish","type":"post","link":"https:\/\/fg.ull.es\/noticias\/2017\/01\/20\/un-dia-para-el-agua-en-el-museo-de-la-ciencia-y-el-cosmos\/","title":{"rendered":"Un d\u00eda para el agua en el Museo de la Ciencia y el Cosmos"},"content":{"rendered":"<h1>Un d\u00eda para el agua en el Museo de la Ciencia y el Cosmos<\/h1>\n<h4>Una actividad orientada a ni\u00f1os y ni\u00f1as de entre 7 y 11 a\u00f1os, instruidos por un grupo interdisciplinar de estudiantes de la universidad. Se celebrar\u00e1 el s\u00e1bado 21 de enero.<\/h4>\n<p>El objetivo de la actividad radica en fomentar la concienciaci\u00f3n por el agua, un recurso escaso y valioso en nuestras islas. Para ello, los ni\u00f1os se divertir\u00e1n a la vez que aprenden realizando multitud de actividades y experimentos que les ayuda a comprender de una forma f\u00e1cil conceptos sobre el ciclo del agua, el agua en Canarias y la importancia del agua para el ser humano.<\/p>\n<p>La reserva se har\u00e1 por riguroso turno de inscripci\u00f3n. Se permite seleccionar el d\u00eda de su preferencia siempre que existan plazas disponibles. La consulta sobre disponibilidad de plazas y reserva (s\u00f3lo v\u00e1lida durante dos d\u00edas, hasta formalizar la inscripci\u00f3n) puede realizarse a trav\u00e9s del tel\u00e9fono: 922 31 5 265 o bien por e-mail: reservasmcc@museosdetenerife.org<\/p>\n","protected":false},"excerpt":{"rendered":"<p>Una actividad orientada a ni\u00f1os y ni\u00f1as de entre 7 y 11 a\u00f1os, instruidos por un grupo interdisciplinar de estudiantes de la universidad. <\/p>\n","protected":false},"author":3,"featured_media":31138,"comment_status":"closed","ping_status":"closed","sticky":false,"template":"","format":"standard","meta":{"footnotes":""},"categories":[10,4],"tags":[26,27,17,18],"featured_image_thumbnail_url":"https:\/\/fg.ull.es\/noticias\/wp-content\/uploads\/sites\/2\/2017\/01\/16129587_10155559189833943_1331131929_o-212x300.jpg","_links":{"self":[{"href":"https:\/\/fg.ull.es\/noticias\/wp-json\/wp\/v2\/posts\/31137"}],"collection":[{"href":"https:\/\/fg.ull.es\/noticias\/wp-json\/wp\/v2\/posts"}],"about":[{"href":"https:\/\/fg.ull.es\/noticias\/wp-json\/wp\/v2\/types\/post"}],"author":[{"embeddable":true,"href":"https:\/\/fg.ull.es\/noticias\/wp-json\/wp\/v2\/users\/3"}],"replies":[{"embeddable":true,"href":"https:\/\/fg.ull.es\/noticias\/wp-json\/wp\/v2\/comments?post=31137"}],"version-history":[{"count":0,"href":"https:\/\/fg.ull.es\/noticias\/wp-json\/wp\/v2\/posts\/31137\/revisions"}],"wp:featuredmedia":[{"embeddable":true,"href":"https:\/\/fg.ull.es\/noticias\/wp-json\/wp\/v2\/media\/31138"}],"wp:attachment":[{"href":"https:\/\/fg.ull.es\/noticias\/wp-json\/wp\/v2\/media?parent=31137"}],"wp:term":[{"taxonomy":"category","embeddable":true,"href":"https:\/\/fg.ull.es\/noticias\/wp-json\/wp\/v2\/categories?post=31137"},{"taxonomy":"post_tag","embeddable":true,"href":"https:\/\/fg.ull.es\/noticias\/wp-json\/wp\/v2\/tags?post=31137"}],"curies":[{"name":"wp","href":"https:\/\/api.w.org\/{rel}","templated":true}]}}