{"id":31094,"date":"2017-01-13T16:53:09","date_gmt":"2017-01-13T16:53:09","guid":{"rendered":"http:\/\/www.fg.ull.es\/es\/?p=31094"},"modified":"2017-12-05T09:57:01","modified_gmt":"2017-12-05T09:57:01","slug":"se-clausura-el-curso-como-divulgar-mi-investigacion-cientifica-de-la-universidad-de-la-laguna","status":"publish","type":"post","link":"https:\/\/fg.ull.es\/noticias\/2017\/01\/13\/se-clausura-el-curso-como-divulgar-mi-investigacion-cientifica-de-la-universidad-de-la-laguna\/","title":{"rendered":"Se clausura el curso &#8216;C\u00f3mo divulgar mi investigaci\u00f3n cient\u00edfica&#8217; de la Universidad de La Laguna"},"content":{"rendered":"<h1>Se clausura el curso &#8216;C\u00f3mo divulgar mi investigaci\u00f3n cient\u00edfica&#8217; de la Universidad de La Laguna<\/h1>\n<h4>La formaci\u00f3n se ha dirigido a j\u00f3venes becados por el Vicerrectorado de Investigaci\u00f3n y se ha centrado en diferentes aspectos vinculados a la comunicaci\u00f3n de los resultados de investigaci\u00f3n.<\/h4>\n<p>Hoy, viernes 13 de enero, se ha dado el broche final al curso &#8216;C\u00f3mo divulgar mi investigaci\u00f3n cient\u00edfica&#8217;, que alcanza su tercera edici\u00f3n. Se celebraba la sesi\u00f3n final bajo el t\u00edtulo \u201cT\u00fa s\u00ed que vales de la Ciencia\u201d, imitando el car\u00e1cter de un conocido concurso televisivo. De esta forma, el alumnado ha tenido que presentar sus trabajos de fin de curso ante un jurado de expertos.<\/p>\n<p>La formaci\u00f3n arrancaba el pasado 12 de diciembre y ha estado organizada por la ULL y su Fundaci\u00f3n General, a trav\u00e9s de su Unidad de Cultura Cient\u00edfica y de la Innovaci\u00f3n (Cienci@ULL), y financiado por el Consejo Social de la ULL y la Consejer\u00eda de Econom\u00eda, Industria, Comercio y Conocimiento del Gobierno a trav\u00e9s de la ACIISI, enmarcada en el Programa de Navidades Cient\u00edficas e Innovadoras 2016 que se cerr\u00f3 este mes de diciembre pasado. La formaci\u00f3n se ha extendido durante sesenta horas, de las cuales treinta eran presenciales y treinta de trabajo online, a trav\u00e9s del aula virtual de la Fundaci\u00f3n General de la Universidad de La Laguna.<\/p>\n<p>Participaron en la clausura el director de la Agencia Canaria de Investigaci\u00f3n, Innovaci\u00f3n y Sociedad de la Informaci\u00f3n (ACIISI), Manuel Miranda, en el acto oficial junto al director gerente de la Fundaci\u00f3n General de la Universidad de La Laguna, Julio Brito Santana, y el director de la Oficina de Resultados de Investigaci\u00f3n de la Universidad de La Laguna, Seraf\u00edn Corral.<\/p>\n<p>El grupo participante ha podido adquirir habilidades y conocer estrategias de comunicaci\u00f3n, difusi\u00f3n y divulgaci\u00f3n cient\u00edfica, ocup\u00e1ndose de la importancia de los resultados de investigaci\u00f3n que se generan en los departamentos y estructuras cient\u00edficas de la universidad, concretamente su repercusi\u00f3n directa en la vida real, que son claves para mejorar el conocimiento cient\u00edfico de la sociedad, creando un canal de di\u00e1logo entre el personal cient\u00edfico y la ciudadan\u00eda, e incrementando las vocaciones cient\u00edficas de la poblaci\u00f3n joven.<\/p>\n<p>Adem\u00e1s, se complement\u00f3 con la visita a diferentes medios de comunicaci\u00f3n y Entre otros aspectos, el alumnado participante trabaj\u00f3 temas como la comunicaci\u00f3n en redes sociales, el uso del v\u00eddeo o las formas de afrontar con garant\u00edas una entrevista de radio o televisi\u00f3n, entre otras.<\/p>\n<p>&nbsp;<\/p>\n","protected":false},"excerpt":{"rendered":"<p>La formaci\u00f3n se ha dirigido a j\u00f3venes becados por el Vicerrectorado de Investigaci\u00f3n y se ha centrado en diferentes aspectos vinculados a la comunicaci\u00f3n de los resultados de investigaci\u00f3n.<\/p>\n","protected":false},"author":3,"featured_media":31095,"comment_status":"closed","ping_status":"closed","sticky":false,"template":"","format":"standard","meta":{"footnotes":""},"categories":[10],"tags":[8,9],"featured_image_thumbnail_url":"https:\/\/fg.ull.es\/noticias\/wp-content\/uploads\/sites\/2\/2017\/01\/cienciaULL-curso-300x225.jpg","_links":{"self":[{"href":"https:\/\/fg.ull.es\/noticias\/wp-json\/wp\/v2\/posts\/31094"}],"collection":[{"href":"https:\/\/fg.ull.es\/noticias\/wp-json\/wp\/v2\/posts"}],"about":[{"href":"https:\/\/fg.ull.es\/noticias\/wp-json\/wp\/v2\/types\/post"}],"author":[{"embeddable":true,"href":"https:\/\/fg.ull.es\/noticias\/wp-json\/wp\/v2\/users\/3"}],"replies":[{"embeddable":true,"href":"https:\/\/fg.ull.es\/noticias\/wp-json\/wp\/v2\/comments?post=31094"}],"version-history":[{"count":1,"href":"https:\/\/fg.ull.es\/noticias\/wp-json\/wp\/v2\/posts\/31094\/revisions"}],"predecessor-version":[{"id":34719,"href":"https:\/\/fg.ull.es\/noticias\/wp-json\/wp\/v2\/posts\/31094\/revisions\/34719"}],"wp:featuredmedia":[{"embeddable":true,"href":"https:\/\/fg.ull.es\/noticias\/wp-json\/wp\/v2\/media\/31095"}],"wp:attachment":[{"href":"https:\/\/fg.ull.es\/noticias\/wp-json\/wp\/v2\/media?parent=31094"}],"wp:term":[{"taxonomy":"category","embeddable":true,"href":"https:\/\/fg.ull.es\/noticias\/wp-json\/wp\/v2\/categories?post=31094"},{"taxonomy":"post_tag","embeddable":true,"href":"https:\/\/fg.ull.es\/noticias\/wp-json\/wp\/v2\/tags?post=31094"}],"curies":[{"name":"wp","href":"https:\/\/api.w.org\/{rel}","templated":true}]}}