{"id":900,"date":"2013-10-15T12:43:13","date_gmt":"2013-10-15T12:43:13","guid":{"rendered":"https:\/\/fg.ull.es\/idiomas\/?p=900"},"modified":"2013-10-15T12:43:13","modified_gmt":"2013-10-15T12:43:13","slug":"nuevos-cursos-del-servicio-de-idiomas-en-el-campus-de-adeje","status":"publish","type":"post","link":"https:\/\/fg.ull.es\/idiomas\/2013\/10\/15\/nuevos-cursos-del-servicio-de-idiomas-en-el-campus-de-adeje\/","title":{"rendered":"Nuevos cursos del Servicio de Idiomas en el Campus de Adeje"},"content":{"rendered":"<p>Los cursos, de alem\u00e1n, espa\u00f1ol, ingl\u00e9s y ruso, se impartir\u00e1n entre los meses de octubre de 2013 y febrero de 2014 en horarios de ma\u00f1ana y tarde.<!--more--><\/p>\n<p>El Servicio de Idiomas de la Universidad de La Laguna, gestionado por su Fundaci\u00f3n General, ofrece once nuevos cursos de idiomas que se desarrollar\u00e1n en el Centro Cultural de Adeje. Esta selecci\u00f3n de cursos se ha organizado en colaboraci\u00f3n con el Excmo. Ayuntamiento de Adeje y las personas residentes y trabajadoras del municipio tendr\u00e1n una bonificaci\u00f3n en su matr\u00edcula.<\/p>\n<p>La oferta se cursos es la siguiente:<\/p>\n<p>&nbsp;<\/p>\n<p><strong>Alem\u00e1n<\/strong><\/p>\n<p><strong>B\u00e1sico de Atenci\u00f3n al Cliente<\/strong><\/p>\n<p>Del 22 de octubre al 28 de noviembre del 2013<\/p>\n<p><a href=\"https:\/\/sede.fg.ull.es\/es\/idioma\/detalle\/a13050425\/aleman-basico-de-atencion-al-cliente\">Grupo de ma\u00f1ana: martes y jueves de 09:30-11:30h.<\/a><\/p>\n<p><a href=\"https:\/\/sede.fg.ull.es\/es\/idioma\/detalle\/a13050426\/aleman-basico-de-atencion-al-cliente\">Grupo de tarde: martes y jueves de 16:00-18:00h.<\/a><\/p>\n<p><strong>Preintermedio de Atenci\u00f3n al Cliente<\/strong><\/p>\n<p>Del 22 de octubre al 28 de noviembre del 2013<\/p>\n<p><a href=\"https:\/\/sede.fg.ull.es\/es\/idioma\/detalle\/a13050427\/aleman-preintermedio-de-atencion-al-cliente\">Grupo de ma\u00f1ana: martes y jueves de 12:00-14:00h.<\/a><\/p>\n<p><a href=\"https:\/\/sede.fg.ull.es\/es\/idioma\/detalle\/a13050428\/aleman-preintermedio-de-atencion-al-cliente\">Grupo de tarde: martes y jueves de 18:00-20:00h.<\/a><\/p>\n<p>&nbsp;<\/p>\n<p><strong>Espa\u00f1ol<\/strong><\/p>\n<p><strong>Nivel Inicial<\/strong><\/p>\n<p>Del 21 de octubre del 2013 al 10 de febrero del 2014.<\/p>\n<p><a href=\"https:\/\/sede.fg.ull.es\/es\/idioma\/detalle\/a13050376\/espa-ol-inicial\">Grupo de ma\u00f1ana: lunes y mi\u00e9rcoles de 09:00-10:50h.<\/a><\/p>\n<p><a href=\"https:\/\/sede.fg.ull.es\/es\/idioma\/detalle\/a13050377\/espa-ol-inicial\">Grupo de tarde: lunes y mi\u00e9rcoles de 17:00-18:50h.<\/a><\/p>\n<p><strong>Nivel B\u00e1sico<\/strong><\/p>\n<p>Del 21 de octubre del 2013 al 11 de febrero del 2014.<\/p>\n<p><a href=\"https:\/\/sede.fg.ull.es\/es\/idioma\/detalle\/a13050378\/espa-ol-basico\">Grupo de ma\u00f1ana: martes y jueves de 09:00-10:50h.<\/a><\/p>\n<p><a href=\"https:\/\/sede.fg.ull.es\/es\/idioma\/detalle\/a13050379\/espa-ol-basico\">Grupo de tarde: martes y jueves de 17:00-18:50h.<\/a><\/p>\n<p><strong>Nivel Intermedio<\/strong><\/p>\n<p>Del 21 de octubre del 2013 al 10 de febrero del 2014.<\/p>\n<p><a href=\"https:\/\/sede.fg.ull.es\/es\/idioma\/detalle\/a13050380\/espa-ol-intermedio\">Grupo de ma\u00f1ana: lunes y mi\u00e9rcoles de 11:00-12:50h.<\/a><\/p>\n<p><a href=\"https:\/\/sede.fg.ull.es\/es\/idioma\/detalle\/a13050381\/espa-ol-intermedio\">Grupo de tarde: lunes y mi\u00e9rcoles de 19:00-20:50h<\/a><\/p>\n<p><strong>Nivel Avanzado<\/strong><\/p>\n<p>Del 22 de octubre del 2013 al 11 de febrero del 2014.<\/p>\n<p><a href=\"https:\/\/sede.fg.ull.es\/es\/idioma\/detalle\/a13050382\/espa-ol-avanzado\">Grupo de ma\u00f1ana: martes y jueves de 11:00-12:50h.<\/a><\/p>\n<p><a href=\"https:\/\/sede.fg.ull.es\/es\/idioma\/detalle\/a13050383\/espa-ol-avanzado\">Grupo de tarde: martes y jueves de 19:00-20:50h.<\/a><\/p>\n<p>&nbsp;<\/p>\n<p><strong>Ingl\u00e9s<\/strong><\/p>\n<p><strong>B\u00e1sico de Atenci\u00f3n al Cliente<\/strong><\/p>\n<p>Del 21 de octubre al 28 de noviembre del 2013<\/p>\n<p><a href=\"https:\/\/sede.fg.ull.es\/es\/idioma\/detalle\/a13050420\/ingles-basico-de-atencion-al-cliente\">Grupo de ma\u00f1ana: lunes y mi\u00e9rcoles de 11:00-13:00h.<\/a><\/p>\n<p><a href=\"https:\/\/sede.fg.ull.es\/es\/idioma\/detalle\/a13050421\/ingles-basico-de-atencion-al-cliente\">Grupo de tarde: martes y jueves de 16:00-18:00h.<\/a><\/p>\n<p><strong>Curso Preparatorio B1<\/strong><\/p>\n<p>Del 21 de octubre al 27 de noviembre del 2013<\/p>\n<p><a href=\"https:\/\/sede.fg.ull.es\/es\/idioma\/detalle\/a13050422\/ingles-preparatorio-b1\">Grupo de tarde: lunes y mi\u00e9rcoles de 17:00-19:30h.<\/a><\/p>\n<p><strong>Preintermedio de Atenci\u00f3n al Cliente<\/strong><\/p>\n<p>Del 21 de octubre al 28 de noviembre del 2013<\/p>\n<p><a href=\"https:\/\/sede.fg.ull.es\/es\/idioma\/detalle\/a13050423\/ingles-preintermedio-de-atencion-al-clientehttps:\/\/sede.fg.ull.es\/es\/idioma\/detalle\/a13050423\/ingles-preintermedio-de-atencion-al-cliente\">Grupo de ma\u00f1ana: lunes y mi\u00e9rcoles de 09:00-11:00h.<\/a><\/p>\n<p><a href=\"https:\/\/sede.fg.ull.es\/es\/idioma\/detalle\/a13050424\/ingles-preintermedio-de-atencion-al-cliente\">Grupo de tarde: martes y jueves de 18:00-20:00h.<\/a><\/p>\n<p>&nbsp;<\/p>\n<p><strong>Ruso<\/strong><\/p>\n<p><strong>B\u00e1sico de Atenci\u00f3n al Cliente<\/strong><\/p>\n<p>Del 23 de octubre al 2 de diciembre del 2013<\/p>\n<p><a href=\"https:\/\/sede.fg.ull.es\/es\/idioma\/detalle\/a13050429\/ruso-basico-de-atencion-al-cliente\">Grupo de ma\u00f1ana: mi\u00e9rcoles y viernes de 12:00-14:00h.<\/a><\/p>\n<p><a href=\"https:\/\/sede.fg.ull.es\/es\/idioma\/detalle\/a13050430\/ruso-basico-de-atencion-al-cliente\">Grupo de tarde: mi\u00e9rcoles y viernes de 18:00-20:00h.<\/a><\/p>\n<p><strong>Preintermedio de Atenci\u00f3n al Cliente<\/strong><\/p>\n<p>Del 23 de octubre al 2 de diciembre del 2013<\/p>\n<p><a href=\"https:\/\/sede.fg.ull.es\/es\/idioma\/detalle\/a13050431\/ruso-preintermedio-de-atencion-al-cliente\">Grupo de tarde: mi\u00e9rcoles y viernes de 16:00-18:00h.<\/a><\/p>\n","protected":false},"excerpt":{"rendered":"<p>Los cursos, de alem\u00e1n, espa\u00f1ol, ingl\u00e9s y ruso, se impartir\u00e1n entre los meses de octubre de 2013 y febrero de 2014 en horarios de ma\u00f1ana y tarde.<\/p>\n","protected":false},"author":1,"featured_media":901,"comment_status":"closed","ping_status":"closed","sticky":false,"template":"","format":"standard","meta":{"footnotes":""},"categories":[3],"tags":[],"_links":{"self":[{"href":"https:\/\/fg.ull.es\/idiomas\/wp-json\/wp\/v2\/posts\/900"}],"collection":[{"href":"https:\/\/fg.ull.es\/idiomas\/wp-json\/wp\/v2\/posts"}],"about":[{"href":"https:\/\/fg.ull.es\/idiomas\/wp-json\/wp\/v2\/types\/post"}],"author":[{"embeddable":true,"href":"https:\/\/fg.ull.es\/idiomas\/wp-json\/wp\/v2\/users\/1"}],"replies":[{"embeddable":true,"href":"https:\/\/fg.ull.es\/idiomas\/wp-json\/wp\/v2\/comments?post=900"}],"version-history":[{"count":0,"href":"https:\/\/fg.ull.es\/idiomas\/wp-json\/wp\/v2\/posts\/900\/revisions"}],"wp:featuredmedia":[{"embeddable":true,"href":"https:\/\/fg.ull.es\/idiomas\/wp-json\/wp\/v2\/media\/901"}],"wp:attachment":[{"href":"https:\/\/fg.ull.es\/idiomas\/wp-json\/wp\/v2\/media?parent=900"}],"wp:term":[{"taxonomy":"category","embeddable":true,"href":"https:\/\/fg.ull.es\/idiomas\/wp-json\/wp\/v2\/categories?post=900"},{"taxonomy":"post_tag","embeddable":true,"href":"https:\/\/fg.ull.es\/idiomas\/wp-json\/wp\/v2\/tags?post=900"}],"curies":[{"name":"wp","href":"https:\/\/api.w.org\/{rel}","templated":true}]}}