{"id":7687,"date":"2020-03-23T12:21:14","date_gmt":"2020-03-23T12:21:14","guid":{"rendered":"https:\/\/fg.ull.es\/idiomas\/?p=7687"},"modified":"2020-03-23T12:21:14","modified_gmt":"2020-03-23T12:21:14","slug":"la-universidad-de-la-laguna-traslada-el-servicio-de-idiomas-a-los-hogares-del-alumnado","status":"publish","type":"post","link":"https:\/\/fg.ull.es\/idiomas\/2020\/03\/23\/la-universidad-de-la-laguna-traslada-el-servicio-de-idiomas-a-los-hogares-del-alumnado\/","title":{"rendered":"La Universidad de La Laguna traslada el Servicio de Idiomas a los hogares del alumnado"},"content":{"rendered":"<section class=\"wpb-content-wrapper\"><p>[vc_row][vc_column][vc_column_text]<\/p>\n<h3>M\u00e1s de 600 estudiantes ya reciben sus clases a trav\u00e9s de las herramientas en l\u00ednea<\/h3>\n<p><span style=\"font-weight: 300\">La particular situaci\u00f3n que atraviesa el pa\u00eds a causa del COVID-19 ha obligado al Servicio de Idiomas de la Universidad de La Laguna a ofrecer alternativas para dar continuidad a su actividad. Por ello,<strong> la formaci\u00f3n presencial en idiomas<\/strong>, que estaba imparti\u00e9ndose en las diversas sedes del centro universitario, <strong>se traslada a los domicilios de sus estudiantes a trav\u00e9s de distintos medios y recursos virtuales<\/strong>.<\/span><\/p>\n<p><span style=\"font-weight: 300\">Son m\u00e1s de 600 estudiantes, de 60 grupos de aprendizaje en distintos niveles de ingl\u00e9s, alem\u00e1n, franc\u00e9s, italiano y lengua de signos los que <strong>recibir\u00e1n a sus docentes en sus propias casas permitiendo darle un uso pr\u00e1ctico a este periodo<\/strong>.<\/span><\/p>\n<p><span style=\"font-weight: 300\">El Servicio de Idiomas universitario est\u00e1 finalizando el traslado de toda la formaci\u00f3n al campus virtual de la universidad, adaptando los procesos de aprendizaje presencial al online. Mientras se completa este proceso, esta semana ya se<strong> han empezado a impartir clases online<\/strong> a trav\u00e9s de<em> Google Mee<\/em>t. Aunque un cambio como este requiere de adaptaci\u00f3n y rodaje del sistema, los resultados est\u00e1n siendo satisfactorios seg\u00fan el alumnado contactado. El profesorado est\u00e1 muy implicado en este cambio de metodolog\u00eda y tambi\u00e9n est\u00e1 usando otros sistemas para tratar de facilitar el aprendizaje a aquellas personas que no disponen de recursos o conocimientos tecnol\u00f3gicos, tales como el uso del WhatsApp o el correo electr\u00f3nico. Asimismo, se han realizado cuatro sesiones de conversaci\u00f3n online que han sido satisfactorias y que se retomar\u00e1n a partir del lunes.<\/span><\/p>\n<p><span style=\"font-weight: 300\">Adem\u00e1s, el<a href=\"https:\/\/fg.ull.es\/idiomas\/cursos-online\/\"> Servicio de Idiomas dispone de cursos online,<\/a> a lo largo de todo el a\u00f1o, de <a href=\"https:\/\/fg.ull.es\/idiomas\/cursos-online\/\">alem\u00e1n, franc\u00e9s e ingl\u00e9s <\/a><\/span><span style=\"font-weight: 300\">y sesiones de conversaci\u00f3n, tambi\u00e9n con herramientas online.<\/span><\/p>\n<p><span style=\"font-weight: 300\">El<a href=\"https:\/\/fg.ull.es\/noticias\/2020\/03\/19\/la-fundacion-de-la-universidad-de-la-laguna-mantiene-y-amplia-su-oferta-formativa-online\/\"> cat\u00e1logo general de formaci\u00f3n de la Fundaci\u00f3n General de la Universidad de La Laguna<\/a> tambi\u00e9n se adapta, aplazando los cursos presenciales de las pr\u00f3ximas semanas e intensificando la oferta de los cursos online de la programaci\u00f3n. En este momento, adem\u00e1s de los cursos de idiomas, existe una oferta online de 15 cursos para lo que queda de marzo y 23 para el mes de abril, que se ir\u00e1n ampliando a medida que se vayan implementando los contenidos de las aulas virtuales.<\/span>[\/vc_column_text][\/vc_column][\/vc_row][vc_row][vc_column][vc_empty_space][\/vc_column][\/vc_row][vc_row][vc_column width=&#8221;1\/2&#8243;][vc_btn title=&#8221;Cursos online de idiomas&#8221; style=&#8221;flat&#8221; shape=&#8221;square&#8221; color=&#8221;black&#8221; align=&#8221;center&#8221; i_align=&#8221;right&#8221; i_icon_fontawesome=&#8221;fa fa-flag-o&#8221; css_animation=&#8221;fadeInRightBig&#8221; button_block=&#8221;true&#8221; add_icon=&#8221;true&#8221; link=&#8221;url:https%3A%2F%2Ffg.ull.es%2Fidiomas%2Fcursos-online%2F|title:Ver%20los%20cursos%20online%20de%20idiomas||&#8221;][\/vc_column][vc_column width=&#8221;1\/2&#8243;][vc_btn title=&#8221;Agenda cursos online&#8221; style=&#8221;flat&#8221; shape=&#8221;square&#8221; color=&#8221;inverse&#8221; align=&#8221;center&#8221; i_align=&#8221;right&#8221; i_icon_fontawesome=&#8221;fa fa-arrow-circle-right&#8221; css_animation=&#8221;fadeInRightBig&#8221; button_block=&#8221;true&#8221; add_icon=&#8221;true&#8221; link=&#8221;url:https%3A%2F%2Fdrive.google.com%2Ffile%2Fd%2F1vL6rePEMTbw1933egAAnLg767ebZKOIq%2Fview|title:Ver%20los%20cursos%20online%20de%20idiomas||&#8221;][\/vc_column][\/vc_row]<\/p>\n<\/section>","protected":false},"excerpt":{"rendered":"<p>La formaci\u00f3n presencial en idiomas, que estaba imparti\u00e9ndose en las diversas sedes del centro universitario, se traslada a los domicilios de sus estudiantes a trav\u00e9s de distintos medios y recursos virtuales.<\/p>\n","protected":false},"author":30,"featured_media":7688,"comment_status":"closed","ping_status":"closed","sticky":false,"template":"","format":"standard","meta":{"footnotes":""},"categories":[3,4],"tags":[66,72,129],"_links":{"self":[{"href":"https:\/\/fg.ull.es\/idiomas\/wp-json\/wp\/v2\/posts\/7687"}],"collection":[{"href":"https:\/\/fg.ull.es\/idiomas\/wp-json\/wp\/v2\/posts"}],"about":[{"href":"https:\/\/fg.ull.es\/idiomas\/wp-json\/wp\/v2\/types\/post"}],"author":[{"embeddable":true,"href":"https:\/\/fg.ull.es\/idiomas\/wp-json\/wp\/v2\/users\/30"}],"replies":[{"embeddable":true,"href":"https:\/\/fg.ull.es\/idiomas\/wp-json\/wp\/v2\/comments?post=7687"}],"version-history":[{"count":0,"href":"https:\/\/fg.ull.es\/idiomas\/wp-json\/wp\/v2\/posts\/7687\/revisions"}],"wp:featuredmedia":[{"embeddable":true,"href":"https:\/\/fg.ull.es\/idiomas\/wp-json\/"}],"wp:attachment":[{"href":"https:\/\/fg.ull.es\/idiomas\/wp-json\/wp\/v2\/media?parent=7687"}],"wp:term":[{"taxonomy":"category","embeddable":true,"href":"https:\/\/fg.ull.es\/idiomas\/wp-json\/wp\/v2\/categories?post=7687"},{"taxonomy":"post_tag","embeddable":true,"href":"https:\/\/fg.ull.es\/idiomas\/wp-json\/wp\/v2\/tags?post=7687"}],"curies":[{"name":"wp","href":"https:\/\/api.w.org\/{rel}","templated":true}]}}