{"id":716,"date":"2013-07-25T10:00:22","date_gmt":"2013-07-25T10:00:22","guid":{"rendered":"https:\/\/fg.ull.es\/idiomas\/?p=716"},"modified":"2013-07-25T10:00:22","modified_gmt":"2013-07-25T10:00:22","slug":"se-convocan-las-becas-universitas-prolingua-2013-de-fomento-del-aprendizaje-de-idiomas-en-la-universidad-de-la-laguna","status":"publish","type":"post","link":"https:\/\/fg.ull.es\/idiomas\/2013\/07\/25\/se-convocan-las-becas-universitas-prolingua-2013-de-fomento-del-aprendizaje-de-idiomas-en-la-universidad-de-la-laguna\/","title":{"rendered":"Se convocan las becas Universitas Prolingua 2013 de fomento del aprendizaje de idiomas en la Universidad de La Laguna"},"content":{"rendered":"<div id=\"resumen\">\n<p><strong><em>Se han dispuesto un total de 100 ayudas para la realizaci\u00f3n de un curso para el perfeccionamiento de lenguas comunitarias en el Servicio de Idiomas de la Universidad de La Laguna durante el primer cuatrimestre del pr\u00f3ximo curso escolar.<\/em><\/strong><\/p>\n<p>&nbsp;<\/p>\n<\/div>\n<div id=\"detalle_noticia\">\n<div>\n<div><a title=\"Servicio de Idiomas, becas Universitas Prolingua\" href=\"http:\/\/www.fg.ull.es\/imgs\/t_noticies\/1452_vp_campana_general_si_pantalla_1280x720px\/753\/423\/servicio_de_idiomas_becas_universitas_prolingua.jpg\" rel=\"primera_imatge\"><img decoding=\"async\" title=\"Servicio de Idiomas, becas Universitas Prolingua\" alt=\"Servicio de Idiomas, becas Universitas Prolingua\" src=\"http:\/\/www.fg.ull.es\/imgs\/t_noticies\/1452_vp_campana_general_si_pantalla_1280x720px\/454\/255\/servicio_de_idiomas_becas_universitas_prolingua.jpg\" \/><\/a><\/div>\n<div>\n<div><\/div>\n<div>Ya est\u00e1 abierto el plazo de solicitud de las Becas Prolingua para el primer cuatrimestre del pr\u00f3ximo curso escolar. Estas ayudas al estudio de idiomas se dirigen a la realizaci\u00f3n de uno de los cursos de cincuenta horas de alem\u00e1n, ingl\u00e9s o italiano ofertados en el Servicio de Idiomas de la Universidad de La Laguna. La beca cubrir\u00e1 100 euros del precio de la matr\u00edcula que asciende a 175 euros por curso, con lo que la persona becada deber\u00e1 abonar los 75 euros restantes.<!--more--><\/div>\n<\/div>\n<\/div>\n<div>\n<p>Las ayudas est\u00e1n dirigidas tanto a estudiantes matriculados en la Universidad de La Laguna como a las personas que hayan conseguido su titulaci\u00f3n en alguna de las universidades canarias con posterioridad a 2007 y que se encuentren en situaci\u00f3n de desempleo.<\/p>\n<p>Las solicitudes se deben presentar en la secretar\u00eda de la Fundaci\u00f3n General de la ULL\u00a0<strong>antes del d\u00eda 18 de septiembre\u00a0<\/strong>de 2013; previamente la persona interesada deber\u00e1 haber formalizado su matr\u00edcula y abonar en este momento sus tasas correspondientes (los 75 euros antes mencionados).<\/p>\n<p>Estas becas son posibles gracias a la colaboraci\u00f3n del Cabildo de Tenerife, la Fundaci\u00f3n General de la Universidad de La Laguna, la entidad financiera Cajasiete, el Consejo Social de la ULL y la Direcci\u00f3n General de Universidades del Gobierno de Canarias.<\/p>\n<p><a href=\"http:\/\/www.fg.ull.es\/es\/proyecto\/servicio_de_idiomas_de_la_ull_becas_universitas_prolingua_2013\/66\/\">M\u00e1s informaci\u00f3n aqu\u00ed.<\/a><\/p>\n<\/div>\n<\/div>\n","protected":false},"excerpt":{"rendered":"<p>Se han dispuesto un total de 100 ayudas para la realizaci\u00f3n de un curso para el perfeccionamiento de lenguas comunitarias en el Servicio de Idiomas de la Universidad de La Laguna durante el primer cuatrimestre del pr\u00f3ximo curso escolar. &nbsp; Ya est\u00e1 abierto el plazo de solicitud de las Becas Prolingua para el primer cuatrimestre&#8230;<\/p>\n","protected":false},"author":1,"featured_media":0,"comment_status":"closed","ping_status":"closed","sticky":false,"template":"","format":"standard","meta":{"footnotes":""},"categories":[3],"tags":[72,128,143],"_links":{"self":[{"href":"https:\/\/fg.ull.es\/idiomas\/wp-json\/wp\/v2\/posts\/716"}],"collection":[{"href":"https:\/\/fg.ull.es\/idiomas\/wp-json\/wp\/v2\/posts"}],"about":[{"href":"https:\/\/fg.ull.es\/idiomas\/wp-json\/wp\/v2\/types\/post"}],"author":[{"embeddable":true,"href":"https:\/\/fg.ull.es\/idiomas\/wp-json\/wp\/v2\/users\/1"}],"replies":[{"embeddable":true,"href":"https:\/\/fg.ull.es\/idiomas\/wp-json\/wp\/v2\/comments?post=716"}],"version-history":[{"count":0,"href":"https:\/\/fg.ull.es\/idiomas\/wp-json\/wp\/v2\/posts\/716\/revisions"}],"wp:attachment":[{"href":"https:\/\/fg.ull.es\/idiomas\/wp-json\/wp\/v2\/media?parent=716"}],"wp:term":[{"taxonomy":"category","embeddable":true,"href":"https:\/\/fg.ull.es\/idiomas\/wp-json\/wp\/v2\/categories?post=716"},{"taxonomy":"post_tag","embeddable":true,"href":"https:\/\/fg.ull.es\/idiomas\/wp-json\/wp\/v2\/tags?post=716"}],"curies":[{"name":"wp","href":"https:\/\/api.w.org\/{rel}","templated":true}]}}