{"id":5502,"date":"2018-11-26T14:08:11","date_gmt":"2018-11-26T14:08:11","guid":{"rendered":"https:\/\/fg.ull.es\/idiomas\/?p=5502"},"modified":"2018-11-26T14:08:11","modified_gmt":"2018-11-26T14:08:11","slug":"el-servicio-de-idiomas-de-la-ull-llevara-a-cabo-un-nuevo-intercambio-de-conversacion-el-jueves-29-de-noviembre","status":"publish","type":"post","link":"https:\/\/fg.ull.es\/idiomas\/2018\/11\/26\/el-servicio-de-idiomas-de-la-ull-llevara-a-cabo-un-nuevo-intercambio-de-conversacion-el-jueves-29-de-noviembre\/","title":{"rendered":"El Servicio de Idiomas de la ULL llevar\u00e1 a cabo un nuevo Intercambio de Conversaci\u00f3n el jueves 29 de noviembre"},"content":{"rendered":"<h3>Todas las personas que lo deseen podr\u00e1n practicar idiomas entre las 17:30 y 19 horas en el aulario de la Fundaci\u00f3n General de la Universidad de La Laguna (Campus Central). La asistencia a esta sesi\u00f3n gratuita no requiere inscripci\u00f3n previa.<\/h3>\n<p>El Intercambio de Conversaci\u00f3n del <strong>Servicio de Idiomas de la ULL<\/strong> regresa este jueves 26 de noviembre. El encuentro se desarrollar\u00e1 entre las 17:30 y 19 horas, en las aulas 4, 5 y 6 de la Fundaci\u00f3n General (Campus Central). A trav\u00e9s de esta sesi\u00f3n se pretende que las personas interesadas en poner en pr\u00e1ctica sus conocimientos idiom\u00e1ticos puedan hacerlo <strong>conversando con nativos\/as<\/strong>.<\/p>\n<p>Para asistir no es necesaria la inscripci\u00f3n previa, la realizaci\u00f3n de pago alguno, ni la pertenencia al alumnado universitario, ya que se trata de un <strong>espacio gratuito abierto a todas las personas interesadas<\/strong>.<\/p>\n<p>El profesorado se encargar\u00e1 de activar la sesi\u00f3n por medio de <strong>ejercicios din\u00e1micos y entretenidos que fomenten la conversaci\u00f3n de los\/as asistentes<\/strong>. Cabe destacar que los <strong>Intercambios de Conversaci\u00f3n celebrados anteriormente<\/strong> congregaron a un n\u00famero considerable de personas.<\/p>\n","protected":false},"excerpt":{"rendered":"<p>Todas las personas que lo deseen podr\u00e1n practicar idiomas entre las 17:30 y 19 horas en el aulario de la Fundaci\u00f3n General de la Universidad de La Laguna (Campus Central). La asistencia a esta sesi\u00f3n gratuita no requiere inscripci\u00f3n previa. El Intercambio de Conversaci\u00f3n del Servicio de Idiomas de la ULL regresa este jueves 26&#8230;<\/p>\n","protected":false},"author":1,"featured_media":5504,"comment_status":"closed","ping_status":"closed","sticky":false,"template":"","format":"standard","meta":{"footnotes":""},"categories":[3,4],"tags":[72,81,128,142],"_links":{"self":[{"href":"https:\/\/fg.ull.es\/idiomas\/wp-json\/wp\/v2\/posts\/5502"}],"collection":[{"href":"https:\/\/fg.ull.es\/idiomas\/wp-json\/wp\/v2\/posts"}],"about":[{"href":"https:\/\/fg.ull.es\/idiomas\/wp-json\/wp\/v2\/types\/post"}],"author":[{"embeddable":true,"href":"https:\/\/fg.ull.es\/idiomas\/wp-json\/wp\/v2\/users\/1"}],"replies":[{"embeddable":true,"href":"https:\/\/fg.ull.es\/idiomas\/wp-json\/wp\/v2\/comments?post=5502"}],"version-history":[{"count":0,"href":"https:\/\/fg.ull.es\/idiomas\/wp-json\/wp\/v2\/posts\/5502\/revisions"}],"wp:featuredmedia":[{"embeddable":true,"href":"https:\/\/fg.ull.es\/idiomas\/wp-json\/wp\/v2\/media\/5504"}],"wp:attachment":[{"href":"https:\/\/fg.ull.es\/idiomas\/wp-json\/wp\/v2\/media?parent=5502"}],"wp:term":[{"taxonomy":"category","embeddable":true,"href":"https:\/\/fg.ull.es\/idiomas\/wp-json\/wp\/v2\/categories?post=5502"},{"taxonomy":"post_tag","embeddable":true,"href":"https:\/\/fg.ull.es\/idiomas\/wp-json\/wp\/v2\/tags?post=5502"}],"curies":[{"name":"wp","href":"https:\/\/api.w.org\/{rel}","templated":true}]}}