{"id":5318,"date":"2018-07-20T07:46:09","date_gmt":"2018-07-20T07:46:09","guid":{"rendered":"https:\/\/fg.ull.es\/idiomas\/?p=5318"},"modified":"2018-07-20T07:46:09","modified_gmt":"2018-07-20T07:46:09","slug":"resolucion-provisional-admisiones-al-procedimiento-becas-prolingua-2017-2018-cursos-verano","status":"publish","type":"post","link":"https:\/\/fg.ull.es\/idiomas\/2018\/07\/20\/resolucion-provisional-admisiones-al-procedimiento-becas-prolingua-2017-2018-cursos-verano\/","title":{"rendered":"Resoluci\u00f3n provisional de admisiones al procedimiento Becas Prolingua 2017\/2018 \u2013 Cursos de Verano"},"content":{"rendered":"<p><span lang=\"ES-TRAD\">Analizadas las solicitudes presentadas y verificado el cumplimiento de los requisitos de participaci\u00f3n se publican los listados provisionales de solicitudes admitidas y excluidas del procedimiento\u00a0de la convocatoria para la selecci\u00f3n de becas Universitas Prolingua para el alumnado del Servicio de Idiomas de la Universidad de La Laguna matriculado en los cursos de verano del curso 2017\/2018.<\/span><\/p>\n<p><a href=\"https:\/\/drive.google.com\/file\/d\/17gbeljiFuTEA7n5HKAEEmj0ihy4YoIcz\/view?usp=sharing\" target=\"_blank\" rel=\"noopener\"><span lang=\"ES-TRAD\">Resoluci\u00f3n provisional\u00a0 (figurar en este listado no significa tener beca concedida)<\/span><\/a><\/p>\n<p><a href=\"https:\/\/fg.ull.es\/idiomas\/becas\/#Prolingua\" target=\"_blank\" rel=\"noopener\"><span lang=\"ES-TRAD\">Bases de la convocatoria<\/span><\/a><\/p>\n<p><span lang=\"ES-TRAD\">Las personas excluidas dispondr\u00e1n de un plazo de 10 d\u00edas h\u00e1biles, que finaliza el 2 de agosto de 2018, de subsanaci\u00f3n de las solicitudes que no cumplan los requisitos determinados en esta convocatoria. \u00c9stas se har\u00e1n, de forma exclusiva, enviando el<a href=\"https:\/\/drive.google.com\/file\/d\/1HO21sNepHYpFtid9fos2A9iFm2LEYxyK\/view?usp=sharing\" target=\"_blank\" rel=\"noopener\">documento de alegaci\u00f3n<\/a>\u00a0que se encuentra en la web de la Fundaci\u00f3n, junto con la documentaci\u00f3n, al correo electr\u00f3nico:\u00a0 formacion@fg.ull.es\u00a0<\/span><\/p>\n<p><a href=\"https:\/\/drive.google.com\/file\/d\/1HO21sNepHYpFtid9fos2A9iFm2LEYxyK\/view?usp=sharing\" target=\"_blank\" rel=\"noopener\"><span lang=\"ES-TRAD\">Documento de alegaciones<\/span><\/a><\/p>\n<p><span lang=\"ES-TRAD\">Finalizado dicho plazo y resueltas las alegaciones presentadas se proceder\u00e1 a publicar los listados definitivos de admisiones y exclusiones, y los listados provisionales de adjudicaciones de becas.<\/span><\/p>\n<div class=\"addtoany_share_save_container addtoany_content addtoany_content_bottom\"><\/div>\n","protected":false},"excerpt":{"rendered":"<p>Analizadas las solicitudes presentadas y verificado el cumplimiento de los requisitos de participaci\u00f3n se publican los listados provisionales de solicitudes admitidas y excluidas del procedimiento\u00a0de la convocatoria para la selecci\u00f3n de becas Universitas Prolingua para el alumnado del Servicio de Idiomas de la Universidad de La Laguna matriculado en los cursos de verano del curso&#8230;<\/p>\n","protected":false},"author":1,"featured_media":5024,"comment_status":"closed","ping_status":"closed","sticky":false,"template":"","format":"standard","meta":{"footnotes":""},"categories":[3,4],"tags":[],"_links":{"self":[{"href":"https:\/\/fg.ull.es\/idiomas\/wp-json\/wp\/v2\/posts\/5318"}],"collection":[{"href":"https:\/\/fg.ull.es\/idiomas\/wp-json\/wp\/v2\/posts"}],"about":[{"href":"https:\/\/fg.ull.es\/idiomas\/wp-json\/wp\/v2\/types\/post"}],"author":[{"embeddable":true,"href":"https:\/\/fg.ull.es\/idiomas\/wp-json\/wp\/v2\/users\/1"}],"replies":[{"embeddable":true,"href":"https:\/\/fg.ull.es\/idiomas\/wp-json\/wp\/v2\/comments?post=5318"}],"version-history":[{"count":0,"href":"https:\/\/fg.ull.es\/idiomas\/wp-json\/wp\/v2\/posts\/5318\/revisions"}],"wp:featuredmedia":[{"embeddable":true,"href":"https:\/\/fg.ull.es\/idiomas\/wp-json\/wp\/v2\/media\/5024"}],"wp:attachment":[{"href":"https:\/\/fg.ull.es\/idiomas\/wp-json\/wp\/v2\/media?parent=5318"}],"wp:term":[{"taxonomy":"category","embeddable":true,"href":"https:\/\/fg.ull.es\/idiomas\/wp-json\/wp\/v2\/categories?post=5318"},{"taxonomy":"post_tag","embeddable":true,"href":"https:\/\/fg.ull.es\/idiomas\/wp-json\/wp\/v2\/tags?post=5318"}],"curies":[{"name":"wp","href":"https:\/\/api.w.org\/{rel}","templated":true}]}}