{"id":5295,"date":"2018-06-21T09:11:34","date_gmt":"2018-06-21T09:11:34","guid":{"rendered":"https:\/\/fg.ull.es\/idiomas\/?p=5295"},"modified":"2018-06-21T09:11:34","modified_gmt":"2018-06-21T09:11:34","slug":"goethe-b1-julio","status":"publish","type":"post","link":"https:\/\/fg.ull.es\/idiomas\/2018\/06\/21\/goethe-b1-julio\/","title":{"rendered":"El Servicio de Idiomas habilita el examen de Goethe B1 para julio"},"content":{"rendered":"<section class=\"wpb-content-wrapper\"><p>[vc_row][vc_column][vc_column_text]<strong>El plazo de inscripci\u00f3n para la prueba de Goethe B1 terminar\u00e1 el 27 de junio, debe realizarse a trav\u00e9s de la sede electr\u00f3nica.<\/strong><\/p>\n<p>El Servicio de idiomas de la Universidad de La Laguna convoca el examen de alem\u00e1n <a href=\"https:\/\/sede.fg.ull.es\/es\/curso\/detalle\/a18050288\/aleman-goethe-zertifikat-b1\"><strong>Goethe Zertifikat B1<\/strong><\/a> para el lunes 2 de julio en las instalaciones de la fundaci\u00f3n universitaria.<\/p>\n<p>La prueba de acreditaci\u00f3n de nivel requiere inscripci\u00f3n previa y cuenta con descuentos para el alumnado del servicio universitario. Puede realizarse a trav\u00e9s de la <a href=\"https:\/\/sede.fg.ull.es\/es\/curso\/detalle\/a18050288\/aleman-goethe-zertifikat-b1\">sede electr\u00f3nica<\/a> de la Fundaci\u00f3n General. Las certificaciones obtenidas proceder\u00e1n del <strong>Goethe Institut<\/strong>.<\/p>\n<p>La prueba de acreditaci\u00f3n de nivel consistir\u00e1 en una parte escrita y otra oral para certificar el nivel B1 de alem\u00e1n. El plazo de inscripci\u00f3n finalizar\u00e1 el pr\u00f3ximo mi\u00e9rcoles 27 de junio.<\/p>\n<p>[\/vc_column_text][vc_empty_space][vc_cta h2=&#8221;Oferta formativa del mes de julio&#8221;]El Servicio de Idiomas mantiene todo un programa de <a href=\"https:\/\/fg.ull.es\/idiomas\/cursos-de-verano\/\">actividades formativas para el mes de julio<\/a>. Compuesto por una serie de\u00a0cursos, de car\u00e1cter intensivo, que tendr\u00e1n una composici\u00f3n total de 50 horas. La informaci\u00f3n sobre cada curso y los requisitos de matr\u00edcula est\u00e1n presentes en la sede electr\u00f3nica de la Fundaci\u00f3n General de La Universidad de La Laguna. El alumnado interesado podr\u00e1 presentarse gratuitamente a las pruebas de nivel previas requeridas para la matr\u00edcula.<\/p>\n<p>&nbsp;<\/p>\n<p>[\/vc_cta][\/vc_column][\/vc_row]<\/p>\n<\/section>","protected":false},"excerpt":{"rendered":"<p>[vc_row][vc_column][vc_column_text]El plazo de inscripci\u00f3n para la prueba de Goethe B1 terminar\u00e1 el 27 de junio, debe realizarse a trav\u00e9s de la sede electr\u00f3nica. El Servicio de idiomas de la Universidad de La Laguna convoca el examen de alem\u00e1n Goethe Zertifikat B1 para el lunes 2 de julio en las instalaciones de la fundaci\u00f3n universitaria. La&#8230;<\/p>\n","protected":false},"author":1,"featured_media":5296,"comment_status":"closed","ping_status":"closed","sticky":false,"template":"","format":"standard","meta":{"footnotes":""},"categories":[3,4],"tags":[16],"_links":{"self":[{"href":"https:\/\/fg.ull.es\/idiomas\/wp-json\/wp\/v2\/posts\/5295"}],"collection":[{"href":"https:\/\/fg.ull.es\/idiomas\/wp-json\/wp\/v2\/posts"}],"about":[{"href":"https:\/\/fg.ull.es\/idiomas\/wp-json\/wp\/v2\/types\/post"}],"author":[{"embeddable":true,"href":"https:\/\/fg.ull.es\/idiomas\/wp-json\/wp\/v2\/users\/1"}],"replies":[{"embeddable":true,"href":"https:\/\/fg.ull.es\/idiomas\/wp-json\/wp\/v2\/comments?post=5295"}],"version-history":[{"count":0,"href":"https:\/\/fg.ull.es\/idiomas\/wp-json\/wp\/v2\/posts\/5295\/revisions"}],"wp:featuredmedia":[{"embeddable":true,"href":"https:\/\/fg.ull.es\/idiomas\/wp-json\/wp\/v2\/media\/5296"}],"wp:attachment":[{"href":"https:\/\/fg.ull.es\/idiomas\/wp-json\/wp\/v2\/media?parent=5295"}],"wp:term":[{"taxonomy":"category","embeddable":true,"href":"https:\/\/fg.ull.es\/idiomas\/wp-json\/wp\/v2\/categories?post=5295"},{"taxonomy":"post_tag","embeddable":true,"href":"https:\/\/fg.ull.es\/idiomas\/wp-json\/wp\/v2\/tags?post=5295"}],"curies":[{"name":"wp","href":"https:\/\/api.w.org\/{rel}","templated":true}]}}