{"id":5288,"date":"2018-07-02T13:20:37","date_gmt":"2018-07-02T13:20:37","guid":{"rendered":"https:\/\/fg.ull.es\/idiomas\/?p=5288"},"modified":"2018-07-02T13:20:37","modified_gmt":"2018-07-02T13:20:37","slug":"resolucion-definitiva-adjudicaciones-becas-internacionalizacion-idiomatica-e-inmersion-linguistica-ingles-alumnado-excelencia-la-universidad-la-laguna-curso-2017-2018","status":"publish","type":"post","link":"https:\/\/fg.ull.es\/idiomas\/2018\/07\/02\/resolucion-definitiva-adjudicaciones-becas-internacionalizacion-idiomatica-e-inmersion-linguistica-ingles-alumnado-excelencia-la-universidad-la-laguna-curso-2017-2018\/","title":{"rendered":"Resoluci\u00f3n definitiva de adjudicaciones de becas de internacionalizaci\u00f3n idiom\u00e1tica e inmersi\u00f3n ling\u00fc\u00edstica en ingl\u00e9s para alumnado de excelencia de la Universidad de La Laguna para el curso 2017\/2018"},"content":{"rendered":"<p>Con la presente se publica el listado de becas adjudicadas:<\/p>\n<p>\u2013\u00a0<a href=\"https:\/\/drive.google.com\/file\/d\/1Yot6qNqp_pEnjxeifKN2Q2vLv9wmTv4l\/view?usp=sharing\" target=\"_blank\" rel=\"noopener\">Resoluci\u00f3n definitiva de adjudicaci\u00f3n<\/a><\/p>\n<p><strong>\u00a0<\/strong><strong>Las personas con beca concedida deben aceptar la beca y hacer la propuesta de desplazamiento seg\u00fan los plazos establecidos:<\/strong><\/p>\n<ul>\n<li><strong>\u00a0<\/strong>Se establece un plazo de\u00a0<strong>5 d\u00edas h\u00e1biles<\/strong>, que finaliza el 9 de julio, para que las personas con beca concedida firmen\u00a0<strong>la aceptaci\u00f3n<\/strong>\u00a0o no aceptaci\u00f3n de la misma.<\/li>\n<li>Se establece un plazo de\u00a0<strong>30 d\u00edas naturales<\/strong>, que finaliza el 2 de agosto, para que\u00a0<strong>presente a la comisi\u00f3n de evaluaci\u00f3n<\/strong>, para su valoraci\u00f3n,\u00a0<strong>una propuesta de deslazamiento<\/strong>\u00a0que incluya la realizaci\u00f3n de un curso intensivo de ingl\u00e9s en un pa\u00eds de habla inglesa de, al menos, 20 horas semanales de clases y un m\u00ednimo de 6 semanas de duraci\u00f3n, a realizar desde la aceptaci\u00f3n de la beca hasta el 31 de octubre de 2018.<\/li>\n<\/ul>\n<p>La aceptaci\u00f3n de la beca y la presentaci\u00f3n de propuestas se har\u00e1n en la secretar\u00eda de la Fundaci\u00f3n o enviando la documentaci\u00f3n firmada al correo electr\u00f3nico\u00a0<a href=\"mailto:formacion@fg.ull.es\">formacion@fg.ull.es<\/a><\/p>\n<p><a href=\"https:\/\/drive.google.com\/file\/d\/1WkI37I7VIwgau_fHEktVU3oMTJyzvJaB\/view?usp=sharing\" target=\"_blank\" rel=\"noopener\">Documento de aceptaci\u00f3n<\/a><\/p>\n<p><a href=\"https:\/\/drive.google.com\/file\/d\/17hsNm8b88CkkeK2OTzH0hNr4MTWyf_Dc\/view?usp=sharing\" target=\"_blank\" rel=\"noopener\">Documento de adjunto de propuesta<\/a><\/p>\n","protected":false},"excerpt":{"rendered":"<p>Con la presente se publica el listado de becas adjudicadas: \u2013\u00a0Resoluci\u00f3n definitiva de adjudicaci\u00f3n \u00a0Las personas con beca concedida deben aceptar la beca y hacer la propuesta de desplazamiento seg\u00fan los plazos establecidos: \u00a0Se establece un plazo de\u00a05 d\u00edas h\u00e1biles, que finaliza el 9 de julio, para que las personas con beca concedida firmen\u00a0la aceptaci\u00f3n\u00a0o&#8230;<\/p>\n","protected":false},"author":1,"featured_media":0,"comment_status":"closed","ping_status":"closed","sticky":false,"template":"","format":"standard","meta":{"footnotes":""},"categories":[3],"tags":[],"_links":{"self":[{"href":"https:\/\/fg.ull.es\/idiomas\/wp-json\/wp\/v2\/posts\/5288"}],"collection":[{"href":"https:\/\/fg.ull.es\/idiomas\/wp-json\/wp\/v2\/posts"}],"about":[{"href":"https:\/\/fg.ull.es\/idiomas\/wp-json\/wp\/v2\/types\/post"}],"author":[{"embeddable":true,"href":"https:\/\/fg.ull.es\/idiomas\/wp-json\/wp\/v2\/users\/1"}],"replies":[{"embeddable":true,"href":"https:\/\/fg.ull.es\/idiomas\/wp-json\/wp\/v2\/comments?post=5288"}],"version-history":[{"count":0,"href":"https:\/\/fg.ull.es\/idiomas\/wp-json\/wp\/v2\/posts\/5288\/revisions"}],"wp:attachment":[{"href":"https:\/\/fg.ull.es\/idiomas\/wp-json\/wp\/v2\/media?parent=5288"}],"wp:term":[{"taxonomy":"category","embeddable":true,"href":"https:\/\/fg.ull.es\/idiomas\/wp-json\/wp\/v2\/categories?post=5288"},{"taxonomy":"post_tag","embeddable":true,"href":"https:\/\/fg.ull.es\/idiomas\/wp-json\/wp\/v2\/tags?post=5288"}],"curies":[{"name":"wp","href":"https:\/\/api.w.org\/{rel}","templated":true}]}}