{"id":5063,"date":"2018-06-13T15:27:41","date_gmt":"2018-06-13T15:27:41","guid":{"rendered":"https:\/\/fg.ull.es\/idiomas\/?p=5063"},"modified":"2018-06-13T15:27:41","modified_gmt":"2018-06-13T15:27:41","slug":"lengua-signos-servicio-idiomas","status":"publish","type":"post","link":"https:\/\/fg.ull.es\/idiomas\/2018\/06\/13\/lengua-signos-servicio-idiomas\/","title":{"rendered":"El alumnado del Servicio de Idiomas celebra el D\u00eda Nacional de las Lenguas de Signos Espa\u00f1olas"},"content":{"rendered":"<section class=\"wpb-content-wrapper\"><p>[vc_row][vc_column][vc_column_text]<strong>La formaci\u00f3n en las Lenguas de Signos Espa\u00f1olas lleva en el programa lectivo de la Fundaci\u00f3n General desde 2012.<\/strong><\/p>\n<p>El alumnado del nivel A 1.2 de Lengua de signos Espa\u00f1olas del <a href=\"https:\/\/fg.ull.es\/idiomas\/\">Servicio de Idiomas<\/a> de la Universidad de La Laguna ha elaborado un v\u00eddeo en conmemoraci\u00f3n al D\u00eda Nacional de las Lenguas de Signos Espa\u00f1olas, el 14 de junio.<\/p>\n<p>El estudio de la Lengua de Signos Espa\u00f1ola (LSE) lleva dentro del programa universitario desde el curso acad\u00e9mico 2012-2013, como una apuesta de la Fundaci\u00f3n General de la Universidad de La Laguna por equiparar las lenguas de modalidad viso-gestual y las auditivo-orales.<\/p>\n<p>Actualmente est\u00e1 abierto el periodo de inscripci\u00f3n para el curso de LSE nivel A1.1 del servicio universitario hasta el 17 de junio. Para m\u00e1s informaci\u00f3n, acceder a <a href=\"https:\/\/sede.fg.ull.es\/es\/idioma\/detalle\/a18050264\/lengua-de-signos-espa-ola-lse-a1-1\">la sede electr\u00f3nica de la Fundaci\u00f3n General<\/a>.[\/vc_column_text][vc_empty_space][vc_video link=&#8221;https:\/\/youtu.be\/_3-sQQcGNHQ&#8221;][\/vc_column][\/vc_row]<\/p>\n<\/section>","protected":false},"excerpt":{"rendered":"<p>[vc_row][vc_column][vc_column_text]La formaci\u00f3n en las Lenguas de Signos Espa\u00f1olas lleva en el programa lectivo de la Fundaci\u00f3n General desde 2012. El alumnado del nivel A 1.2 de Lengua de signos Espa\u00f1olas del Servicio de Idiomas de la Universidad de La Laguna ha elaborado un v\u00eddeo en conmemoraci\u00f3n al D\u00eda Nacional de las Lenguas de Signos Espa\u00f1olas,&#8230;<\/p>\n","protected":false},"author":1,"featured_media":5064,"comment_status":"closed","ping_status":"closed","sticky":false,"template":"","format":"standard","meta":{"footnotes":""},"categories":[3,4],"tags":[99],"_links":{"self":[{"href":"https:\/\/fg.ull.es\/idiomas\/wp-json\/wp\/v2\/posts\/5063"}],"collection":[{"href":"https:\/\/fg.ull.es\/idiomas\/wp-json\/wp\/v2\/posts"}],"about":[{"href":"https:\/\/fg.ull.es\/idiomas\/wp-json\/wp\/v2\/types\/post"}],"author":[{"embeddable":true,"href":"https:\/\/fg.ull.es\/idiomas\/wp-json\/wp\/v2\/users\/1"}],"replies":[{"embeddable":true,"href":"https:\/\/fg.ull.es\/idiomas\/wp-json\/wp\/v2\/comments?post=5063"}],"version-history":[{"count":0,"href":"https:\/\/fg.ull.es\/idiomas\/wp-json\/wp\/v2\/posts\/5063\/revisions"}],"wp:featuredmedia":[{"embeddable":true,"href":"https:\/\/fg.ull.es\/idiomas\/wp-json\/wp\/v2\/media\/5064"}],"wp:attachment":[{"href":"https:\/\/fg.ull.es\/idiomas\/wp-json\/wp\/v2\/media?parent=5063"}],"wp:term":[{"taxonomy":"category","embeddable":true,"href":"https:\/\/fg.ull.es\/idiomas\/wp-json\/wp\/v2\/categories?post=5063"},{"taxonomy":"post_tag","embeddable":true,"href":"https:\/\/fg.ull.es\/idiomas\/wp-json\/wp\/v2\/tags?post=5063"}],"curies":[{"name":"wp","href":"https:\/\/api.w.org\/{rel}","templated":true}]}}