{"id":5061,"date":"2018-06-13T09:45:13","date_gmt":"2018-06-13T09:45:13","guid":{"rendered":"https:\/\/fg.ull.es\/idiomas\/?p=5061"},"modified":"2018-06-13T09:45:13","modified_gmt":"2018-06-13T09:45:13","slug":"resolucion-provisional-admisiones-al-procedimiento-becas-internacionalizacion-idiomatica-e-inmersion-linguistica-ingles-alumnado-excelencia-la-ull-curso-2017-2018","status":"publish","type":"post","link":"https:\/\/fg.ull.es\/idiomas\/2018\/06\/13\/resolucion-provisional-admisiones-al-procedimiento-becas-internacionalizacion-idiomatica-e-inmersion-linguistica-ingles-alumnado-excelencia-la-ull-curso-2017-2018\/","title":{"rendered":"Resoluci\u00f3n provisional de admisiones al procedimiento de becas de Internacionalizaci\u00f3n Idiom\u00e1tica e Inmersi\u00f3n Ling\u00fc\u00edstica en ingl\u00e9s para alumnado de excelencia de la ULL curso 2017\/2018"},"content":{"rendered":"<p>Analizadas las solicitudes presentadas y verificado el cumplimiento de los requisitos de participaci\u00f3n se publican los\u00a0<strong>listados provisionales<\/strong>\u00a0de solicitudes admitidas y excluidas del procedimiento:<\/p>\n<p>\u2013<a href=\"https:\/\/drive.google.com\/file\/d\/1lx7IIFkQ8POlOonE4PgWEDAXbphil_wo\/view?usp=sharing\" target=\"_blank\" rel=\"noopener\">Resoluci\u00f3n provisional<\/a>\u00a0(<em>Figurar en este listado de admisiones no significa tener concedida la beca<\/em>)<\/p>\n<p>Las personas excluidas dispondr\u00e1n de un plazo de 10 d\u00edas h\u00e1biles, que finaliza el 27 de junio, para subsanar los defectos advertidos o para formular alegaciones si consideran indebida la exclusi\u00f3n. \u00c9stas se har\u00e1n, de forma exclusiva, enviando el documento de alegaciones que se encuentra en la web, junto con la documentaci\u00f3n, al correo electr\u00f3nico:\u00a0<a href=\"mailto:formacion@fg.ull.es\">formacion@fg.ull.es<\/a><\/p>\n<p><a href=\"https:\/\/drive.google.com\/file\/d\/1I_NqemOcwQSuPIN6RSZG0JIJcurcYr2m\/view?usp=sharing\" target=\"_blank\" rel=\"noopener\">Documento de alegaciones<\/a><\/p>\n<p>Para la valoraci\u00f3n de todas y cada una de las candidaturas se ha tomado\/tomar\u00e1 como fundamento lo especificado en las bases de la\u00a0<a href=\"https:\/\/fg.ull.es\/noticias\/2018\/05\/08\/convocadas-38-becas-de-internacionalizacion-idiomatica-e-inmersion-linguistica-en-ingles-para-el-alumnado-de-excelencia-de-la-universidad-de-la-laguna\/\" target=\"_blank\" rel=\"noopener\">convocatoria<\/a>.<\/p>\n","protected":false},"excerpt":{"rendered":"<p>Analizadas las solicitudes presentadas y verificado el cumplimiento de los requisitos de participaci\u00f3n se publican los\u00a0listados provisionales\u00a0de solicitudes admitidas y excluidas del procedimiento: \u2013Resoluci\u00f3n provisional\u00a0(Figurar en este listado de admisiones no significa tener concedida la beca) Las personas excluidas dispondr\u00e1n de un plazo de 10 d\u00edas h\u00e1biles, que finaliza el 27 de junio, para subsanar&#8230;<\/p>\n","protected":false},"author":1,"featured_media":0,"comment_status":"closed","ping_status":"closed","sticky":false,"template":"","format":"standard","meta":{"footnotes":""},"categories":[3],"tags":[],"_links":{"self":[{"href":"https:\/\/fg.ull.es\/idiomas\/wp-json\/wp\/v2\/posts\/5061"}],"collection":[{"href":"https:\/\/fg.ull.es\/idiomas\/wp-json\/wp\/v2\/posts"}],"about":[{"href":"https:\/\/fg.ull.es\/idiomas\/wp-json\/wp\/v2\/types\/post"}],"author":[{"embeddable":true,"href":"https:\/\/fg.ull.es\/idiomas\/wp-json\/wp\/v2\/users\/1"}],"replies":[{"embeddable":true,"href":"https:\/\/fg.ull.es\/idiomas\/wp-json\/wp\/v2\/comments?post=5061"}],"version-history":[{"count":0,"href":"https:\/\/fg.ull.es\/idiomas\/wp-json\/wp\/v2\/posts\/5061\/revisions"}],"wp:attachment":[{"href":"https:\/\/fg.ull.es\/idiomas\/wp-json\/wp\/v2\/media?parent=5061"}],"wp:term":[{"taxonomy":"category","embeddable":true,"href":"https:\/\/fg.ull.es\/idiomas\/wp-json\/wp\/v2\/categories?post=5061"},{"taxonomy":"post_tag","embeddable":true,"href":"https:\/\/fg.ull.es\/idiomas\/wp-json\/wp\/v2\/tags?post=5061"}],"curies":[{"name":"wp","href":"https:\/\/api.w.org\/{rel}","templated":true}]}}