{"id":5059,"date":"2018-06-11T13:11:39","date_gmt":"2018-06-11T13:11:39","guid":{"rendered":"https:\/\/fg.ull.es\/idiomas\/?p=5059"},"modified":"2018-06-11T13:11:39","modified_gmt":"2018-06-11T13:11:39","slug":"resolucion-definitiva-adjudicaciones-del-programa-inmersion-linguistica-laboral-verano-2018","status":"publish","type":"post","link":"https:\/\/fg.ull.es\/idiomas\/2018\/06\/11\/resolucion-definitiva-adjudicaciones-del-programa-inmersion-linguistica-laboral-verano-2018\/","title":{"rendered":"Resoluci\u00f3n definitiva de adjudicaciones del \u201cPrograma inmersi\u00f3n ling\u00fc\u00edstica y laboral: verano 2018\u201d"},"content":{"rendered":"<p>Finalizado el periodo de alegaciones,\u00a0y resueltas estas, se publican los listados definitivos de adjudicaciones y reservas:<\/p>\n<p><a href=\"https:\/\/drive.google.com\/file\/d\/1K5LC_hT6E8mu_RDpHg7g4mZVuHlwCYdF\/view?usp=sharing\" target=\"_blank\" rel=\"noopener\">Resoluci\u00f3n definitiva de adjudicaciones y reservas<\/a><\/p>\n<p><a href=\"https:\/\/drive.google.com\/file\/d\/1f_qXExsz6-EqfGZVwGwCr_HS_fV8_HEL\/view?usp=sharing\" target=\"_blank\" rel=\"noopener\">Documento de aceptaci\u00f3n\/no aceptaci\u00f3n<\/a><\/p>\n<p>Se establece un plazo de 5 d\u00edas h\u00e1biles, que finaliza el pr\u00f3ximo lunes 18 de junio de 2018, para que las personas que han obtenido la ayuda firmen la aceptaci\u00f3n o no aceptaci\u00f3n de la misma, en otro caso se entiende que desiste. Se\u00a0podr\u00e1 hacer enviando el\u00a0<a href=\"https:\/\/drive.google.com\/file\/d\/1f_qXExsz6-EqfGZVwGwCr_HS_fV8_HEL\/view?usp=sharing\" target=\"_blank\" rel=\"noopener\">documento de aceptaci\u00f3n<\/a>\u00a0firmado al correo electr\u00f3nico\u00a0<a href=\"mailto:formacion@fg.ull.es\">formacion@fg.ull.es<\/a>\u00a0o entreg\u00e1ndolo en la secretar\u00eda de la Fundaci\u00f3n.<\/p>\n<p>Para la valoraci\u00f3n de todas y cada una de las candidaturas se ha tomado\/tomar\u00e1 como fundamento lo especificado en las bases de la convocatoria.<\/p>\n","protected":false},"excerpt":{"rendered":"<p>Finalizado el periodo de alegaciones,\u00a0y resueltas estas, se publican los listados definitivos de adjudicaciones y reservas: Resoluci\u00f3n definitiva de adjudicaciones y reservas Documento de aceptaci\u00f3n\/no aceptaci\u00f3n Se establece un plazo de 5 d\u00edas h\u00e1biles, que finaliza el pr\u00f3ximo lunes 18 de junio de 2018, para que las personas que han obtenido la ayuda firmen la&#8230;<\/p>\n","protected":false},"author":1,"featured_media":0,"comment_status":"closed","ping_status":"closed","sticky":false,"template":"","format":"standard","meta":{"footnotes":""},"categories":[3],"tags":[],"_links":{"self":[{"href":"https:\/\/fg.ull.es\/idiomas\/wp-json\/wp\/v2\/posts\/5059"}],"collection":[{"href":"https:\/\/fg.ull.es\/idiomas\/wp-json\/wp\/v2\/posts"}],"about":[{"href":"https:\/\/fg.ull.es\/idiomas\/wp-json\/wp\/v2\/types\/post"}],"author":[{"embeddable":true,"href":"https:\/\/fg.ull.es\/idiomas\/wp-json\/wp\/v2\/users\/1"}],"replies":[{"embeddable":true,"href":"https:\/\/fg.ull.es\/idiomas\/wp-json\/wp\/v2\/comments?post=5059"}],"version-history":[{"count":0,"href":"https:\/\/fg.ull.es\/idiomas\/wp-json\/wp\/v2\/posts\/5059\/revisions"}],"wp:attachment":[{"href":"https:\/\/fg.ull.es\/idiomas\/wp-json\/wp\/v2\/media?parent=5059"}],"wp:term":[{"taxonomy":"category","embeddable":true,"href":"https:\/\/fg.ull.es\/idiomas\/wp-json\/wp\/v2\/categories?post=5059"},{"taxonomy":"post_tag","embeddable":true,"href":"https:\/\/fg.ull.es\/idiomas\/wp-json\/wp\/v2\/tags?post=5059"}],"curies":[{"name":"wp","href":"https:\/\/api.w.org\/{rel}","templated":true}]}}