{"id":5048,"date":"2018-06-05T07:50:29","date_gmt":"2018-06-05T07:50:29","guid":{"rendered":"https:\/\/fg.ull.es\/idiomas\/?p=5048"},"modified":"2018-06-05T07:50:29","modified_gmt":"2018-06-05T07:50:29","slug":"41-personas-optan-al-programa-inmersion-linguistica-laboral-irlanda","status":"publish","type":"post","link":"https:\/\/fg.ull.es\/idiomas\/2018\/06\/05\/41-personas-optan-al-programa-inmersion-linguistica-laboral-irlanda\/","title":{"rendered":"41 personas optan al Programa de Inmersi\u00f3n Ling\u00fc\u00edstica y Laboral en Irlanda"},"content":{"rendered":"<p><strong>Se han inscrito al programa, que tiene una capacidad de 15 plazas, 41 personas de las que solo 20 han sido admitidas; las personas excluidas en la resoluci\u00f3n provisional podr\u00e1n presentar las alegaciones pertinentes hasta el mi\u00e9rcoles 6 de junio.<\/strong><\/p>\n<p>La Fundaci\u00f3n universitaria lanza la resoluci\u00f3n provisional de <a href=\"https:\/\/drive.google.com\/file\/d\/1xSG1xhY--2yC_-b0msKRIHkgAuYumkXp\/view?usp=sharing\">admisiones<\/a> y <a href=\"https:\/\/drive.google.com\/file\/d\/1RlsRGep6d0Bi5qeNtWLcz7iphe-biimc\/view?usp=sharing\">exclusiones<\/a> del <a href=\"https:\/\/fg.ull.es\/idiomas\/inmersion-linguistica-laboral-verano-2018\/\">Programa de Inmersi\u00f3n Ling\u00fc\u00edstica y Laboral de verano de 2018<\/a>. Con 41 personas inscritas, solo 20 han pasado a la lista de admitidas para competir por las 15 plazas disponibles. El programa consiste en una acci\u00f3n formativa que intenta que el alumnado universitario pueda formarse de forma pr\u00e1ctica e intensiva en el dominio del ingl\u00e9s a partir de una estancia en Irlanda.<\/p>\n<p>La presencia en la resoluci\u00f3n no implica que los admitidos hayan sido seleccionados para la beca. Las personas excluidas tienen un plazo de 5 d\u00edas naturales, finalizando el <strong>6 de junio<\/strong>, para corregir los defectos se\u00f1alados en las candidaturas y presentar <a href=\"https:\/\/drive.google.com\/file\/d\/1YDK4r-i216Phou3xdqmrGNZe0BK7ue4J\/view?usp=sharing\">las alegaciones<\/a> correspondientes.<\/p>\n<p>Una vez finalizado el plazo y resueltas las alegaciones presentadas, se comunicar\u00e1 un listado definitivo de admisiones y exclusiones, as\u00ed como un listado provisional de las personas seleccionadas para recibir la beca.<\/p>\n<p>El programa supone una inmersi\u00f3n ling\u00fc\u00edstica y laboral en la regi\u00f3n de <strong>Cork, Irlanda<\/strong>. Durante ocho semanas, las quince personas seleccionadas compaginar\u00e1n el desarrollo de un curso intensivo de ingl\u00e9s de 50 horas con el desarrollo de pr\u00e1cticas laborales durante seis semanas. El desplazamiento a Irlanda tendr\u00e1 lugar en los meses de julio y agosto.<\/p>\n<p>El Programa de Inmersi\u00f3n Ling\u00fc\u00edstica y Laboral de verano de 2018 ha sido puesto en marcha con la colaboraci\u00f3n del Cabildo de Tenerife y supone la primera iniciativa de este tipo desarrollada por la Universidad de La Laguna.<\/p>\n","protected":false},"excerpt":{"rendered":"<p>Se han inscrito al programa, que tiene una capacidad de 15 plazas, 41 personas de las que solo 20 han sido admitidas; las personas excluidas en la resoluci\u00f3n provisional podr\u00e1n presentar las alegaciones pertinentes hasta el mi\u00e9rcoles 6 de junio. La Fundaci\u00f3n universitaria lanza la resoluci\u00f3n provisional de admisiones y exclusiones del Programa de Inmersi\u00f3n&#8230;<\/p>\n","protected":false},"author":1,"featured_media":5030,"comment_status":"closed","ping_status":"closed","sticky":false,"template":"","format":"standard","meta":{"footnotes":""},"categories":[3,4],"tags":[24,87],"_links":{"self":[{"href":"https:\/\/fg.ull.es\/idiomas\/wp-json\/wp\/v2\/posts\/5048"}],"collection":[{"href":"https:\/\/fg.ull.es\/idiomas\/wp-json\/wp\/v2\/posts"}],"about":[{"href":"https:\/\/fg.ull.es\/idiomas\/wp-json\/wp\/v2\/types\/post"}],"author":[{"embeddable":true,"href":"https:\/\/fg.ull.es\/idiomas\/wp-json\/wp\/v2\/users\/1"}],"replies":[{"embeddable":true,"href":"https:\/\/fg.ull.es\/idiomas\/wp-json\/wp\/v2\/comments?post=5048"}],"version-history":[{"count":0,"href":"https:\/\/fg.ull.es\/idiomas\/wp-json\/wp\/v2\/posts\/5048\/revisions"}],"wp:featuredmedia":[{"embeddable":true,"href":"https:\/\/fg.ull.es\/idiomas\/wp-json\/wp\/v2\/media\/5030"}],"wp:attachment":[{"href":"https:\/\/fg.ull.es\/idiomas\/wp-json\/wp\/v2\/media?parent=5048"}],"wp:term":[{"taxonomy":"category","embeddable":true,"href":"https:\/\/fg.ull.es\/idiomas\/wp-json\/wp\/v2\/categories?post=5048"},{"taxonomy":"post_tag","embeddable":true,"href":"https:\/\/fg.ull.es\/idiomas\/wp-json\/wp\/v2\/tags?post=5048"}],"curies":[{"name":"wp","href":"https:\/\/api.w.org\/{rel}","templated":true}]}}