{"id":5045,"date":"2018-06-04T08:17:45","date_gmt":"2018-06-04T08:17:45","guid":{"rendered":"https:\/\/fg.ull.es\/idiomas\/?p=5045"},"modified":"2018-06-04T08:17:45","modified_gmt":"2018-06-04T08:17:45","slug":"resolucion-provisional-admisiones-exclusiones-del-programa-inmersion-linguistica-laboral-verano-2018","status":"publish","type":"post","link":"https:\/\/fg.ull.es\/idiomas\/2018\/06\/04\/resolucion-provisional-admisiones-exclusiones-del-programa-inmersion-linguistica-laboral-verano-2018\/","title":{"rendered":"Resoluci\u00f3n provisional de admisiones y exclusiones del \u201cPrograma inmersi\u00f3n ling\u00fc\u00edstica y laboral: verano 2018\u201d"},"content":{"rendered":"<p>Analizadas las solicitudes presentadas y verificado el cumplimiento de los requisitos de participaci\u00f3n se publican los listados provisionales de solicitudes admitidas y excluidas del procedimiento:<\/p>\n<p><a href=\"https:\/\/drive.google.com\/file\/d\/1xSG1xhY--2yC_-b0msKRIHkgAuYumkXp\/view?usp=sharing\" target=\"_blank\" rel=\"noopener\">Listado provisional de admisiones<\/a>\u00a0(<em>Figurar en este listado no significa tener concedida la beca<\/em>)<\/p>\n<p><a href=\"https:\/\/drive.google.com\/file\/d\/1RlsRGep6d0Bi5qeNtWLcz7iphe-biimc\/view?usp=sharing\" target=\"_blank\" rel=\"noopener\">Listado de exclusiones<\/a><\/p>\n<p><a href=\"https:\/\/drive.google.com\/file\/d\/1YDK4r-i216Phou3xdqmrGNZe0BK7ue4J\/view?usp=sharing\" target=\"_blank\" rel=\"noopener\">Documento de alegaciones<\/a><\/p>\n<p>Las personas excluidas dispondr\u00e1n de un plazo de 5 d\u00edas naturales, que finaliza el 6 de junio, para subsanar los defectos advertidos o para formular alegaciones si consideran indebida la exclusi\u00f3n. \u00c9stas se har\u00e1n, de forma exclusiva, enviando el\u00a0<a href=\"https:\/\/drive.google.com\/file\/d\/1YDK4r-i216Phou3xdqmrGNZe0BK7ue4J\/view?usp=sharing\" target=\"_blank\" rel=\"noopener\">documento de alegaciones<\/a>, junto con la documentaci\u00f3n, al correo electr\u00f3nico:\u00a0<a href=\"mailto:formacion@fg.ull.es\">formacion@fg.ull.es<\/a><\/p>\n<p>Finalizado dicho plazo y resueltas las alegaciones presentadas se proceder\u00e1 a publicar los listados definitivos de admisiones y exclusiones, y los listados provisionales de adjudicaciones de becas.<\/p>\n<p>Para la valoraci\u00f3n de todas y cada una de las candidaturas se ha tomado\/tomar\u00e1 como fundamento lo especificado en las\u00a0<a href=\"https:\/\/drive.google.com\/file\/d\/1QjUxzIjY3WcekDjkmZ-ct2SYxzi_Hqyj\/view?usp=sharing\" target=\"_blank\" rel=\"noopener\">bases de la convocatoria.<\/a><\/p>\n","protected":false},"excerpt":{"rendered":"<p>Analizadas las solicitudes presentadas y verificado el cumplimiento de los requisitos de participaci\u00f3n se publican los listados provisionales de solicitudes admitidas y excluidas del procedimiento: Listado provisional de admisiones\u00a0(Figurar en este listado no significa tener concedida la beca) Listado de exclusiones Documento de alegaciones Las personas excluidas dispondr\u00e1n de un plazo de 5 d\u00edas naturales,&#8230;<\/p>\n","protected":false},"author":1,"featured_media":0,"comment_status":"closed","ping_status":"closed","sticky":false,"template":"","format":"standard","meta":{"footnotes":""},"categories":[3],"tags":[],"_links":{"self":[{"href":"https:\/\/fg.ull.es\/idiomas\/wp-json\/wp\/v2\/posts\/5045"}],"collection":[{"href":"https:\/\/fg.ull.es\/idiomas\/wp-json\/wp\/v2\/posts"}],"about":[{"href":"https:\/\/fg.ull.es\/idiomas\/wp-json\/wp\/v2\/types\/post"}],"author":[{"embeddable":true,"href":"https:\/\/fg.ull.es\/idiomas\/wp-json\/wp\/v2\/users\/1"}],"replies":[{"embeddable":true,"href":"https:\/\/fg.ull.es\/idiomas\/wp-json\/wp\/v2\/comments?post=5045"}],"version-history":[{"count":0,"href":"https:\/\/fg.ull.es\/idiomas\/wp-json\/wp\/v2\/posts\/5045\/revisions"}],"wp:attachment":[{"href":"https:\/\/fg.ull.es\/idiomas\/wp-json\/wp\/v2\/media?parent=5045"}],"wp:term":[{"taxonomy":"category","embeddable":true,"href":"https:\/\/fg.ull.es\/idiomas\/wp-json\/wp\/v2\/categories?post=5045"},{"taxonomy":"post_tag","embeddable":true,"href":"https:\/\/fg.ull.es\/idiomas\/wp-json\/wp\/v2\/tags?post=5045"}],"curies":[{"name":"wp","href":"https:\/\/api.w.org\/{rel}","templated":true}]}}