{"id":5026,"date":"2018-05-22T11:49:42","date_gmt":"2018-05-22T11:49:42","guid":{"rendered":"https:\/\/fg.ull.es\/idiomas\/?p=5026"},"modified":"2018-05-22T11:49:42","modified_gmt":"2018-05-22T11:49:42","slug":"curso-ingles-especializado-negocios-vuelve-al-servicio-idiomas","status":"publish","type":"post","link":"https:\/\/fg.ull.es\/idiomas\/2018\/05\/22\/curso-ingles-especializado-negocios-vuelve-al-servicio-idiomas\/","title":{"rendered":"El curso de ingl\u00e9s especializado en negocios vuelve al Servicio de Idiomas"},"content":{"rendered":"<section class=\"wpb-content-wrapper\"><p>[vc_row][vc_column][vc_column_text]<strong>Las clases de ingl\u00e9s especializadas en negocios se celebrar\u00e1n en el aulario de la Fundaci\u00f3n General de la Universidad de La Laguna, del 6 al 29 de junio.<\/strong><\/p>\n<p>El <a href=\"https:\/\/fg.ull.es\/idiomas\/\">Servicio de Idiomas de la Universidad de La Laguna<\/a> programa la segunda edici\u00f3n de un curso especializado en ingl\u00e9s para el \u00e1mbito de las negociaciones y las reuniones. Las inscripciones estar\u00e1n abiertas hasta el viernes, 1 de junio, para aquellas personas interesadas y poseedoras de un nivel m\u00ednimo de ingl\u00e9s B1.<\/p>\n<p>El objetivo de la formaci\u00f3n se centra en aportarle al alumnado las herramientas y t\u00e9cnicas necesarias para poder enfrentar y participar en una reuni\u00f3n en ingl\u00e9s de forma interactiva.<\/p>\n<p>Las clases ser\u00e1n de car\u00e1cter presencial, del 6 al 29 de junio, en el aulario de la Fundaci\u00f3n General de La Universidad de La Laguna. M\u00e1s informaci\u00f3n a trav\u00e9s de la <a href=\"http:\/\/sede.fg.ull.es\">sede electr\u00f3nica<\/a>.[\/vc_column_text][vc_btn title=&#8221;INSCRIPCI\u00d3N&#8221; color=&#8221;violet&#8221; link=&#8221;url:https%3A%2F%2Fsede.fg.ull.es%2Fes%2Fidioma%2Fdetalle%2FA18050232%2Fingles-ingles-para-reuniones-y-negociaciones||target:%20_blank|&#8221;][\/vc_column][\/vc_row]<\/p>\n<\/section>","protected":false},"excerpt":{"rendered":"<p>[vc_row][vc_column][vc_column_text]Las clases de ingl\u00e9s especializadas en negocios se celebrar\u00e1n en el aulario de la Fundaci\u00f3n General de la Universidad de La Laguna, del 6 al 29 de junio. El Servicio de Idiomas de la Universidad de La Laguna programa la segunda edici\u00f3n de un curso especializado en ingl\u00e9s para el \u00e1mbito de las negociaciones y&#8230;<\/p>\n","protected":false},"author":1,"featured_media":5027,"comment_status":"closed","ping_status":"closed","sticky":false,"template":"","format":"standard","meta":{"footnotes":""},"categories":[3],"tags":[41,103],"_links":{"self":[{"href":"https:\/\/fg.ull.es\/idiomas\/wp-json\/wp\/v2\/posts\/5026"}],"collection":[{"href":"https:\/\/fg.ull.es\/idiomas\/wp-json\/wp\/v2\/posts"}],"about":[{"href":"https:\/\/fg.ull.es\/idiomas\/wp-json\/wp\/v2\/types\/post"}],"author":[{"embeddable":true,"href":"https:\/\/fg.ull.es\/idiomas\/wp-json\/wp\/v2\/users\/1"}],"replies":[{"embeddable":true,"href":"https:\/\/fg.ull.es\/idiomas\/wp-json\/wp\/v2\/comments?post=5026"}],"version-history":[{"count":0,"href":"https:\/\/fg.ull.es\/idiomas\/wp-json\/wp\/v2\/posts\/5026\/revisions"}],"wp:featuredmedia":[{"embeddable":true,"href":"https:\/\/fg.ull.es\/idiomas\/wp-json\/wp\/v2\/media\/5027"}],"wp:attachment":[{"href":"https:\/\/fg.ull.es\/idiomas\/wp-json\/wp\/v2\/media?parent=5026"}],"wp:term":[{"taxonomy":"category","embeddable":true,"href":"https:\/\/fg.ull.es\/idiomas\/wp-json\/wp\/v2\/categories?post=5026"},{"taxonomy":"post_tag","embeddable":true,"href":"https:\/\/fg.ull.es\/idiomas\/wp-json\/wp\/v2\/tags?post=5026"}],"curies":[{"name":"wp","href":"https:\/\/api.w.org\/{rel}","templated":true}]}}