{"id":5017,"date":"2018-05-08T11:43:53","date_gmt":"2018-05-08T11:43:53","guid":{"rendered":"https:\/\/fg.ull.es\/idiomas\/?p=5017"},"modified":"2018-05-08T11:43:53","modified_gmt":"2018-05-08T11:43:53","slug":"se-abren-las-preinscripciones-summer-campus18","status":"publish","type":"post","link":"https:\/\/fg.ull.es\/idiomas\/2018\/05\/08\/se-abren-las-preinscripciones-summer-campus18\/","title":{"rendered":"Se abren las preinscripciones de Summer Campus\u201918"},"content":{"rendered":"<section class=\"wpb-content-wrapper\"><p>[vc_row][vc_column][vc_column_text]<strong>Las actividades del campamento tendr\u00e1n lugar del 25 de junio al 3 de agosto y estar\u00e1n destinadas a ni\u00f1os y ni\u00f1as de 5 a 13 a\u00f1os.<\/strong><\/p>\n<p>El Servicio de Idiomas de la Universidad de La Laguna, junto a la Fundaci\u00f3n universitaria, prepara una nueva edici\u00f3n de <a href=\"https:\/\/fg.ull.es\/formacion\/summer-campus\/\"><strong>Summer Campus<\/strong><\/a>. El campamento urbano de verano estar\u00e1 centrado un a\u00f1o m\u00e1s en el aprendizaje de idiomas y en actividades de fomento de la creatividad de la infancia inscrita.<\/p>\n<p>El campamento est\u00e1 dirigido a ni\u00f1as y ni\u00f1os entre las edades de 5 a 13 a\u00f1os. Los juegos y tareas programados estar\u00e1n destinados a las clases de ingl\u00e9s y alem\u00e1n, junto talleres de teatro, ciencias y habilidades. Valores como el emprendimiento, el esp\u00edritu innovador y la creatividad ser\u00e1n impulsados en el programa.<\/p>\n<p>Estar\u00e1 en funcionamiento desde el 25 de junio al 3 de agosto, de lunes a viernes, de 9 a 14. Sin embargo, las puertas estar\u00e1n abiertas de 8 a 14.45h. Las actividades se desarrollar\u00e1n en el campus central de la Universidad de La Laguna.<\/p>\n<p>Las matr\u00edculas podr\u00e1n realizarse a tiempo completo o por periodos, tambi\u00e9n por semana, aunque ese est\u00e1 sujeto a disponibilidad de plazas. Tambi\u00e9n existen descuentos a familiares de los estudiantes de la ULL.<\/p>\n<p>Para formalizar la preinscripci\u00f3n, acceder al siguiente formulario de la sede electr\u00f3nica de la Fundaci\u00f3n General de la Universidad de La Laguna:[\/vc_column_text][vc_btn title=&#8221;PREINSCRIPCI\u00d3N&#8221; color=&#8221;violet&#8221; link=&#8221;url:https%3A%2F%2Fsede.fg.ull.es%2Fsummercampus%2Fes%2FInscripcion%2FAdd||target:%20_blank|&#8221;][\/vc_column][\/vc_row]<\/p>\n<\/section>","protected":false},"excerpt":{"rendered":"<p>[vc_row][vc_column][vc_column_text]Las actividades del campamento tendr\u00e1n lugar del 25 de junio al 3 de agosto y estar\u00e1n destinadas a ni\u00f1os y ni\u00f1as de 5 a 13 a\u00f1os. El Servicio de Idiomas de la Universidad de La Laguna, junto a la Fundaci\u00f3n universitaria, prepara una nueva edici\u00f3n de Summer Campus. El campamento urbano de verano estar\u00e1 centrado&#8230;<\/p>\n","protected":false},"author":1,"featured_media":5018,"comment_status":"closed","ping_status":"closed","sticky":false,"template":"","format":"standard","meta":{"footnotes":""},"categories":[3],"tags":[133],"_links":{"self":[{"href":"https:\/\/fg.ull.es\/idiomas\/wp-json\/wp\/v2\/posts\/5017"}],"collection":[{"href":"https:\/\/fg.ull.es\/idiomas\/wp-json\/wp\/v2\/posts"}],"about":[{"href":"https:\/\/fg.ull.es\/idiomas\/wp-json\/wp\/v2\/types\/post"}],"author":[{"embeddable":true,"href":"https:\/\/fg.ull.es\/idiomas\/wp-json\/wp\/v2\/users\/1"}],"replies":[{"embeddable":true,"href":"https:\/\/fg.ull.es\/idiomas\/wp-json\/wp\/v2\/comments?post=5017"}],"version-history":[{"count":0,"href":"https:\/\/fg.ull.es\/idiomas\/wp-json\/wp\/v2\/posts\/5017\/revisions"}],"wp:featuredmedia":[{"embeddable":true,"href":"https:\/\/fg.ull.es\/idiomas\/wp-json\/wp\/v2\/media\/5018"}],"wp:attachment":[{"href":"https:\/\/fg.ull.es\/idiomas\/wp-json\/wp\/v2\/media?parent=5017"}],"wp:term":[{"taxonomy":"category","embeddable":true,"href":"https:\/\/fg.ull.es\/idiomas\/wp-json\/wp\/v2\/categories?post=5017"},{"taxonomy":"post_tag","embeddable":true,"href":"https:\/\/fg.ull.es\/idiomas\/wp-json\/wp\/v2\/tags?post=5017"}],"curies":[{"name":"wp","href":"https:\/\/api.w.org\/{rel}","templated":true}]}}