{"id":4860,"date":"2018-03-20T13:34:34","date_gmt":"2018-03-20T13:34:34","guid":{"rendered":"https:\/\/fg.ull.es\/idiomas\/?p=4860"},"modified":"2018-03-20T13:34:34","modified_gmt":"2018-03-20T13:34:34","slug":"oferta-formativa-servicio-idiomas-adeje","status":"publish","type":"post","link":"https:\/\/fg.ull.es\/idiomas\/2018\/03\/20\/oferta-formativa-servicio-idiomas-adeje\/","title":{"rendered":"Se ampl\u00eda la oferta formativa del Servicio de Idiomas en Adeje"},"content":{"rendered":"<section class=\"wpb-content-wrapper\"><p>[vc_row][vc_column][vc_column_text]<strong>El periodo de inscripci\u00f3n estar\u00e1 abierto hasta los primeros d\u00edas de clase, a mediados de abril.<\/strong><\/p>\n<p>EL Servicio de Idiomas de la Universidad de La Laguna ampl\u00eda su oferta formativa en el sur de la isla con tres nuevos cursos de ingl\u00e9s impartidos en el Centro Cultural Miraverde en Adeje. El periodo de inscripci\u00f3n est\u00e1 abierto a trav\u00e9s de la sede oficial de la Fundaci\u00f3n General.<\/p>\n<p>Los cursos de ingl\u00e9s est\u00e1n orientados al desarrollo de la comunicaci\u00f3n tur\u00edstica en distintos niveles, desde b\u00e1sico hasta intermedio. Los tres cursos son presenciales y tienen una duraci\u00f3n de veinte horas. Salvo en el caso de la formaci\u00f3n intermedia centrada en la pr\u00e1ctica de conversaci\u00f3n a nivel intermedio de comunicaci\u00f3n tur\u00edstica, los cursos tienen diferentes grupos seg\u00fan los d\u00edas de clase. \u00a0El periodo de inscripci\u00f3n estar\u00e1 abierto hasta los primeros d\u00edas de clase, a mediados de abril.<\/p>\n<p>Otros cursos de <a href=\"https:\/\/fg.ull.es\/idiomas\/blog\/2018\/03\/20\/se-abre-la-inscripcion-los-primeros-cursos-ofertados-la-zona-sur\/\">alem\u00e1n, portugu\u00e9s e italiano tambi\u00e9n se impartir\u00e1n en Adeje<\/a> durante las mismas fechas.[\/vc_column_text][\/vc_column][\/vc_row][vc_row][vc_column][vc_tta_tabs][vc_tta_section title=&#8221;B\u00c1SICO&#8221; tab_id=&#8221;1521552705653-6339187b-ff87&#8243;][vc_column_text]El nivel b\u00e1sico de ingl\u00e9s para la comunicaci\u00f3n tur\u00edstica se subdivide en tres grupos:<\/p>\n<p><a href=\"http:\/\/www.fg.ull.es\/A18050217\">Grupo 1<\/a>: del 16\/04 al 18\/05,\u00a0 lunes y mi\u00e9rcoles 08.30-10.00 y viernes 08.30-09.30.<\/p>\n<p><a href=\"http:\/\/www.fg.ull.es\/A18050219\">Grupo 2<\/a>: del 17\/04 al 22\/05, los martes y jueves 18.00-20.00.<\/p>\n<p><a href=\"http:\/\/www.fg.ull.es\/A18050218\">Grupo 3<\/a>: del 20\/04 al 18\/05, los viernes 09.30-13.30.[\/vc_column_text][\/vc_tta_section][vc_tta_section title=&#8221;INTERMEDIO &#8221; tab_id=&#8221;1521552705668-fd842b9d-6b61&#8243;][vc_column_text]El nivel intermedio de ingl\u00e9s para la comunicaci\u00f3n tur\u00edstica se subdivide en dos grupos:<\/p>\n<p><a href=\"http:\/\/www.fg.ull.es\/A18050221\">Grupo 1<\/a>: del 16\/04 al 16\/05, los lunes y mi\u00e9rcoles 10.00-12.00.<\/p>\n<p><a href=\"http:\/\/www.fg.ull.es\/A18050220\">Grupo 2<\/a>: del 17\/04 al 22\/05, los martes y jueves 16.00-18.00.[\/vc_column_text][\/vc_tta_section][vc_tta_section title=&#8221;INTERMEDIO DE CONVERSACI\u00d3N&#8221; tab_id=&#8221;1521552749570-1ebf7bb6-badb&#8221;][vc_column_text]El nivel intermedio de conversaci\u00f3n para la comunicaci\u00f3n tur\u00edstica tiene un <a href=\"http:\/\/www.fg.ull.es\/A18050222\">\u00fanico grupo<\/a>: Del 16\/04 al 16\/05, los lunes y mi\u00e9rcoles 12.00-14.00.[\/vc_column_text][\/vc_tta_section][\/vc_tta_tabs][\/vc_column][\/vc_row]<\/p>\n<\/section>","protected":false},"excerpt":{"rendered":"<p>[vc_row][vc_column][vc_column_text]El periodo de inscripci\u00f3n estar\u00e1 abierto hasta los primeros d\u00edas de clase, a mediados de abril. EL Servicio de Idiomas de la Universidad de La Laguna ampl\u00eda su oferta formativa en el sur de la isla con tres nuevos cursos de ingl\u00e9s impartidos en el Centro Cultural Miraverde en Adeje. El periodo de inscripci\u00f3n est\u00e1&#8230;<\/p>\n","protected":false},"author":1,"featured_media":4858,"comment_status":"closed","ping_status":"closed","sticky":false,"template":"","format":"standard","meta":{"footnotes":""},"categories":[3],"tags":[14],"_links":{"self":[{"href":"https:\/\/fg.ull.es\/idiomas\/wp-json\/wp\/v2\/posts\/4860"}],"collection":[{"href":"https:\/\/fg.ull.es\/idiomas\/wp-json\/wp\/v2\/posts"}],"about":[{"href":"https:\/\/fg.ull.es\/idiomas\/wp-json\/wp\/v2\/types\/post"}],"author":[{"embeddable":true,"href":"https:\/\/fg.ull.es\/idiomas\/wp-json\/wp\/v2\/users\/1"}],"replies":[{"embeddable":true,"href":"https:\/\/fg.ull.es\/idiomas\/wp-json\/wp\/v2\/comments?post=4860"}],"version-history":[{"count":0,"href":"https:\/\/fg.ull.es\/idiomas\/wp-json\/wp\/v2\/posts\/4860\/revisions"}],"wp:featuredmedia":[{"embeddable":true,"href":"https:\/\/fg.ull.es\/idiomas\/wp-json\/wp\/v2\/media\/4858"}],"wp:attachment":[{"href":"https:\/\/fg.ull.es\/idiomas\/wp-json\/wp\/v2\/media?parent=4860"}],"wp:term":[{"taxonomy":"category","embeddable":true,"href":"https:\/\/fg.ull.es\/idiomas\/wp-json\/wp\/v2\/categories?post=4860"},{"taxonomy":"post_tag","embeddable":true,"href":"https:\/\/fg.ull.es\/idiomas\/wp-json\/wp\/v2\/tags?post=4860"}],"curies":[{"name":"wp","href":"https:\/\/api.w.org\/{rel}","templated":true}]}}