{"id":4857,"date":"2018-03-20T13:30:59","date_gmt":"2018-03-20T13:30:59","guid":{"rendered":"https:\/\/fg.ull.es\/idiomas\/?p=4857"},"modified":"2018-03-20T13:30:59","modified_gmt":"2018-03-20T13:30:59","slug":"se-abre-la-inscripcion-los-primeros-cursos-ofertados-la-zona-sur","status":"publish","type":"post","link":"https:\/\/fg.ull.es\/idiomas\/2018\/03\/20\/se-abre-la-inscripcion-los-primeros-cursos-ofertados-la-zona-sur\/","title":{"rendered":"Se abre la inscripci\u00f3n de los primeros cursos ofertados en la zona Sur"},"content":{"rendered":"<section class=\"wpb-content-wrapper\"><p>[vc_row][vc_column][vc_column_text]<strong>Los tres cursos impartidos en el sur, de car\u00e1cter presencial, tendr\u00e1n por objetivo el desarrollo de las habilidades b\u00e1sicas para el tratamiento de atenci\u00f3n al cliente.<\/strong><\/p>\n<p>La oferta del Servicio de Idiomas de la Universidad de La Laguna en la zona Sur incorpora sus primeros cursos con los idiomas alem\u00e1n, italiano y portugu\u00e9s. El periodo de inscripci\u00f3n est\u00e1 abierto a trav\u00e9s de la\u00a0<a href=\"http:\/\/sede.fg.ull.es\/\">sede oficial.<\/a><\/p>\n<p>Los tres cursos son de nivel b\u00e1sico y est\u00e1n centrados en el tratamiento de atenci\u00f3n al cliente. Ser\u00e1n de car\u00e1cter presencial, en el Centro Cultural Miraverde en Adeje. El objetivo est\u00e1 en que el alumnado pueda desarrollar las competencias ling\u00fc\u00edsticas de nivel b\u00e1sico en el \u00e1mbito profesional de la recepci\u00f3n, atenci\u00f3n telef\u00f3nica y administraci\u00f3n.<\/p>\n<p>El curso de\u00a0<a href=\"https:\/\/sede.fg.ull.es\/es\/curso\/detalle\/a18050213\/aleman-basico-de-atencion-al-cliente\">alem\u00e1n<\/a>, impartido por Sabine Bellmund, tiene por fecha del 20 de abril al 18 de mayo; el de\u00a0<a href=\"https:\/\/sede.fg.ull.es\/es\/curso\/detalle\/a18050214\/italiano-basico-de-atencion-al-cliente\">italiano<\/a>, por Ivan Palumbo, del 23 de abril al 23 de mayo; y el de\u00a0<a href=\"https:\/\/sede.fg.ull.es\/es\/curso\/detalle\/a18050215\/portugues-basico-de-atencion-al-cliente\">portugu\u00e9s<\/a>, tambi\u00e9n por Palumbo, del 19 de abril al 24 de mayo.<\/p>\n<p>Para m\u00e1s informaci\u00f3n, acceder a la sede del Servicio de Idiomas:[\/vc_column_text][\/vc_column][\/vc_row][vc_row][vc_column width=&#8221;1\/6&#8243;][vc_btn title=&#8221;ALEM\u00c1N&#8221; link=&#8221;url:https%3A%2F%2Fsede.fg.ull.es%2Fes%2Fcurso%2Fdetalle%2Fa18050213%2Faleman-basico-de-atencion-al-cliente||target:%20_blank|&#8221;][\/vc_column][vc_column width=&#8221;1\/6&#8243;][vc_btn title=&#8221;ITALIANO&#8221; link=&#8221;url:https%3A%2F%2Fsede.fg.ull.es%2Fes%2Fcurso%2Fdetalle%2Fa18050214%2Fitaliano-basico-de-atencion-al-cliente||target:%20_blank|&#8221;][\/vc_column][vc_column width=&#8221;1\/6&#8243;][vc_btn title=&#8221;PORTUGU\u00c9S&#8221; link=&#8221;url:https%3A%2F%2Fsede.fg.ull.es%2Fes%2Fcurso%2Fdetalle%2Fa18050215%2Fportugues-basico-de-atencion-al-cliente||target:%20_blank|&#8221;][\/vc_column][vc_column width=&#8221;1\/6&#8243;][\/vc_column][vc_column width=&#8221;1\/6&#8243;][\/vc_column][vc_column width=&#8221;1\/6&#8243;][\/vc_column][\/vc_row]<\/p>\n<\/section>","protected":false},"excerpt":{"rendered":"<p>[vc_row][vc_column][vc_column_text]Los tres cursos impartidos en el sur, de car\u00e1cter presencial, tendr\u00e1n por objetivo el desarrollo de las habilidades b\u00e1sicas para el tratamiento de atenci\u00f3n al cliente. La oferta del Servicio de Idiomas de la Universidad de La Laguna en la zona Sur incorpora sus primeros cursos con los idiomas alem\u00e1n, italiano y portugu\u00e9s. El periodo&#8230;<\/p>\n","protected":false},"author":1,"featured_media":4858,"comment_status":"closed","ping_status":"closed","sticky":false,"template":"","format":"standard","meta":{"footnotes":""},"categories":[3],"tags":[14],"_links":{"self":[{"href":"https:\/\/fg.ull.es\/idiomas\/wp-json\/wp\/v2\/posts\/4857"}],"collection":[{"href":"https:\/\/fg.ull.es\/idiomas\/wp-json\/wp\/v2\/posts"}],"about":[{"href":"https:\/\/fg.ull.es\/idiomas\/wp-json\/wp\/v2\/types\/post"}],"author":[{"embeddable":true,"href":"https:\/\/fg.ull.es\/idiomas\/wp-json\/wp\/v2\/users\/1"}],"replies":[{"embeddable":true,"href":"https:\/\/fg.ull.es\/idiomas\/wp-json\/wp\/v2\/comments?post=4857"}],"version-history":[{"count":0,"href":"https:\/\/fg.ull.es\/idiomas\/wp-json\/wp\/v2\/posts\/4857\/revisions"}],"wp:featuredmedia":[{"embeddable":true,"href":"https:\/\/fg.ull.es\/idiomas\/wp-json\/wp\/v2\/media\/4858"}],"wp:attachment":[{"href":"https:\/\/fg.ull.es\/idiomas\/wp-json\/wp\/v2\/media?parent=4857"}],"wp:term":[{"taxonomy":"category","embeddable":true,"href":"https:\/\/fg.ull.es\/idiomas\/wp-json\/wp\/v2\/categories?post=4857"},{"taxonomy":"post_tag","embeddable":true,"href":"https:\/\/fg.ull.es\/idiomas\/wp-json\/wp\/v2\/tags?post=4857"}],"curies":[{"name":"wp","href":"https:\/\/api.w.org\/{rel}","templated":true}]}}