{"id":4507,"date":"2017-07-19T13:09:31","date_gmt":"2017-07-19T13:09:31","guid":{"rendered":"https:\/\/fg.ull.es\/idiomas\/?p=4507"},"modified":"2017-07-19T13:09:31","modified_gmt":"2017-07-19T13:09:31","slug":"resolucion-ampliacion-fecha-limite-estancia-becas-internacionalizacion-idiomatica-e-inmersion-linguistica-ingles","status":"publish","type":"post","link":"https:\/\/fg.ull.es\/idiomas\/2017\/07\/19\/resolucion-ampliacion-fecha-limite-estancia-becas-internacionalizacion-idiomatica-e-inmersion-linguistica-ingles\/","title":{"rendered":"Resoluci\u00f3n de ampliaci\u00f3n de fecha l\u00edmite de estancia de becas de Internacionalizaci\u00f3n Idiom\u00e1tica e Inmersi\u00f3n Ling\u00fc\u00edstica en ingl\u00e9s"},"content":{"rendered":"<h4>Con la presente se publica resoluci\u00f3n de la Vicerrectora de Internacionalizaci\u00f3n por la que se ampl\u00eda la fecha l\u00edmite para la terminaci\u00f3n de la estancia de 6 semanas vinculada a la convocatoria de becas de Internacionalizaci\u00f3n Idiom\u00e1tica e Inmersi\u00f3n Ling\u00fc\u00edstica en ingl\u00e9s hasta el 31 de octubre de 2017<\/h4>\n<p><!--more--><\/p>\n<ul>\n<li><strong><a href=\"https:\/\/www.fg.ull.es\/wp-content\/uploads\/2017\/07\/Resolucio%CC%81n-ampliacio%CC%81n-plazo-becas-excelencia-FIRMADO.pdf\" target=\"_blank\" rel=\"noopener\">Resoluci\u00f3n<\/a>\u00a0<\/strong>de ampliaci\u00f3n para el alumnado de excelencia<\/li>\n<li><a href=\"https:\/\/www.fg.ull.es\/wp-content\/uploads\/2017\/07\/Resolucio%CC%81n-ampliacio%CC%81n-plazo-becas-MAGISTERIO-firmado.pdf\" target=\"_blank\" rel=\"noopener\"><strong>Resoluci\u00f3n<\/strong>\u00a0<\/a>de ampliaci\u00f3n para el alumnado de Grado en Magisterio en Educaci\u00f3n Infantil con menci\u00f3n de ingl\u00e9s y Grado en Educaci\u00f3n Primaria con menci\u00f3n en ingl\u00e9s<\/li>\n<\/ul>\n<p><strong>\u00a0<\/strong>Se aclara, adem\u00e1s, que dentro del plazo de 30 d\u00edas naturales para la presentaci\u00f3n de la propuesta de desplazamiento a que hace referencia la Resoluci\u00f3n de fecha 10 de julio de 2017 no se computar\u00e1 el per\u00edodo comprendido entre los d\u00edas 1 y 27 de agosto de 2017, ambos inclusive, por lo que el \u00faltimo d\u00eda del referido plazo ser\u00e1 el 5 de septiembre de 2017.<\/p>\n","protected":false},"excerpt":{"rendered":"<p>Con la presente se publica resoluci\u00f3n de la Vicerrectora de Internacionalizaci\u00f3n por la que se ampl\u00eda la fecha l\u00edmite para la terminaci\u00f3n de la estancia de 6 semanas vinculada a la convocatoria de becas de Internacionalizaci\u00f3n Idiom\u00e1tica e Inmersi\u00f3n Ling\u00fc\u00edstica en ingl\u00e9s hasta el 31 de octubre de 2017<\/p>\n","protected":false},"author":1,"featured_media":0,"comment_status":"closed","ping_status":"closed","sticky":false,"template":"","format":"standard","meta":{"footnotes":""},"categories":[3],"tags":[],"_links":{"self":[{"href":"https:\/\/fg.ull.es\/idiomas\/wp-json\/wp\/v2\/posts\/4507"}],"collection":[{"href":"https:\/\/fg.ull.es\/idiomas\/wp-json\/wp\/v2\/posts"}],"about":[{"href":"https:\/\/fg.ull.es\/idiomas\/wp-json\/wp\/v2\/types\/post"}],"author":[{"embeddable":true,"href":"https:\/\/fg.ull.es\/idiomas\/wp-json\/wp\/v2\/users\/1"}],"replies":[{"embeddable":true,"href":"https:\/\/fg.ull.es\/idiomas\/wp-json\/wp\/v2\/comments?post=4507"}],"version-history":[{"count":0,"href":"https:\/\/fg.ull.es\/idiomas\/wp-json\/wp\/v2\/posts\/4507\/revisions"}],"wp:attachment":[{"href":"https:\/\/fg.ull.es\/idiomas\/wp-json\/wp\/v2\/media?parent=4507"}],"wp:term":[{"taxonomy":"category","embeddable":true,"href":"https:\/\/fg.ull.es\/idiomas\/wp-json\/wp\/v2\/categories?post=4507"},{"taxonomy":"post_tag","embeddable":true,"href":"https:\/\/fg.ull.es\/idiomas\/wp-json\/wp\/v2\/tags?post=4507"}],"curies":[{"name":"wp","href":"https:\/\/api.w.org\/{rel}","templated":true}]}}