{"id":4350,"date":"2017-05-26T08:14:33","date_gmt":"2017-05-26T08:14:33","guid":{"rendered":"https:\/\/fg.ull.es\/idiomas\/?p=4350"},"modified":"2017-05-26T08:14:33","modified_gmt":"2017-05-26T08:14:33","slug":"habilitada-la-oferta-cursos-verano-servicio-idiomas-la-ull","status":"publish","type":"post","link":"https:\/\/fg.ull.es\/idiomas\/2017\/05\/26\/habilitada-la-oferta-cursos-verano-servicio-idiomas-la-ull\/","title":{"rendered":"Habilitada la oferta de cursos de verano en el Servicio de Idiomas de la ULL"},"content":{"rendered":"<h1>Habilitada la oferta de cursos de verano en el Servicio de Idiomas de la ULL<\/h1>\n<h4>El 5 de junio comienza el primer turno de cursos de esta formaci\u00f3n intensiva para el periodo estival que comprende distintos niveles de ingl\u00e9s, italiano, alem\u00e1n, franc\u00e9s, portugu\u00e9s, espa\u00f1ol para extranjeros y Lengua de Signos.<\/h4>\n<p>El Servicio de Idiomas de la Universidad de La Laguna presenta su oferta de cursos para el verano. Esta se compone de un primer periodo de cursos que se inician el <strong>5 de junio<\/strong> y una segunda oleada que comenzar\u00e1 el pr\u00f3ximo <strong>5 de julio<\/strong>.<\/p>\n<p>Las personas interesadas en el aprendizaje de idiomas podr\u00e1n acceder a cursos intensivos; esta formaci\u00f3n permite alcanzar un determinado nivel en un menor periodo de tiempo que los habituales cursos cuatrimestrales. Las lenguas que se podr\u00e1n estudiar son: alem\u00e1n, franc\u00e9s, italiano, portugu\u00e9s, ingl\u00e9s, espa\u00f1ol para extranjeros y Lengua de Signos.<\/p>\n<p>La matr\u00edcula est\u00e1 habilitada a trav\u00e9s de la sede electr\u00f3nica de la Fundaci\u00f3n General de la ULL y el estudiantado podr\u00e1 presentarse gratuitamente a las pruebas que ofrece el centro para determinar el nivel m\u00e1s adecuado.<\/p>\n<p><strong><a href=\"https:\/\/fg.ull.es\/idiomas\/cursos-de-verano\/\">DESCUBRE LA OFERTA AQU\u00cd<\/a><\/strong><\/p>\n","protected":false},"excerpt":{"rendered":"<p>Habilitada la oferta de cursos de verano en el Servicio de Idiomas de la ULL El 5 de junio comienza el primer turno de cursos de esta formaci\u00f3n intensiva para el periodo estival que comprende distintos niveles de ingl\u00e9s, italiano, alem\u00e1n, franc\u00e9s, portugu\u00e9s, espa\u00f1ol para extranjeros y Lengua de Signos. El Servicio de Idiomas de&#8230;<\/p>\n","protected":false},"author":1,"featured_media":4351,"comment_status":"closed","ping_status":"closed","sticky":false,"template":"","format":"standard","meta":{"footnotes":""},"categories":[3],"tags":[45,144],"_links":{"self":[{"href":"https:\/\/fg.ull.es\/idiomas\/wp-json\/wp\/v2\/posts\/4350"}],"collection":[{"href":"https:\/\/fg.ull.es\/idiomas\/wp-json\/wp\/v2\/posts"}],"about":[{"href":"https:\/\/fg.ull.es\/idiomas\/wp-json\/wp\/v2\/types\/post"}],"author":[{"embeddable":true,"href":"https:\/\/fg.ull.es\/idiomas\/wp-json\/wp\/v2\/users\/1"}],"replies":[{"embeddable":true,"href":"https:\/\/fg.ull.es\/idiomas\/wp-json\/wp\/v2\/comments?post=4350"}],"version-history":[{"count":0,"href":"https:\/\/fg.ull.es\/idiomas\/wp-json\/wp\/v2\/posts\/4350\/revisions"}],"wp:featuredmedia":[{"embeddable":true,"href":"https:\/\/fg.ull.es\/idiomas\/wp-json\/wp\/v2\/media\/4351"}],"wp:attachment":[{"href":"https:\/\/fg.ull.es\/idiomas\/wp-json\/wp\/v2\/media?parent=4350"}],"wp:term":[{"taxonomy":"category","embeddable":true,"href":"https:\/\/fg.ull.es\/idiomas\/wp-json\/wp\/v2\/categories?post=4350"},{"taxonomy":"post_tag","embeddable":true,"href":"https:\/\/fg.ull.es\/idiomas\/wp-json\/wp\/v2\/tags?post=4350"}],"curies":[{"name":"wp","href":"https:\/\/api.w.org\/{rel}","templated":true}]}}