{"id":3384,"date":"2016-05-10T11:16:50","date_gmt":"2016-05-10T11:16:50","guid":{"rendered":"https:\/\/fg.ull.es\/idiomas\/?p=3384"},"modified":"2016-05-10T11:16:50","modified_gmt":"2016-05-10T11:16:50","slug":"el-6-de-junio-arrancaran-los-primeros-cursos-de-verano","status":"publish","type":"post","link":"https:\/\/fg.ull.es\/idiomas\/2016\/05\/10\/el-6-de-junio-arrancaran-los-primeros-cursos-de-verano\/","title":{"rendered":"El 6 de junio arrancan los primeros cursos de verano"},"content":{"rendered":"<p>El \u00a0plazo de matr\u00edcula para estas formaciones, que se impartir\u00e1n durante los meses de junio y julio ya est\u00e1 abierto, as\u00ed como el periodo de solicitud para las Becas Prolingua<\/p>\n<p><!--more--><\/p>\n<p>Ofrecemos\u00a0distintos niveles de ingl\u00e9s, franc\u00e9s, alem\u00e1n, portugu\u00e9s, espa\u00f1ol, ruso, Lengua de Signos e italiano, para este verano, entre los que destacan los cursos intensivos. Formatos m\u00e1s concentrados, que se traducen en un progreso m\u00e1s r\u00e1pido en un periodo de tiempo menor.\u00a0Las formaciones tienen una duraci\u00f3n total de 50 horas, que se impartir\u00e1n en las instalaciones del Servicio de Idiomas en la Fundaci\u00f3n General de la Universidad de La Laguna en horario de ma\u00f1ana y tarde. Se dividir\u00e1n en dos tandas, la primera empezar\u00e1 el 6 de junio y la segunda el 5 de julio.<\/p>\n<p>La tarifa general es de 225 euros, 175 euros para demandantes de empleo y estudiantes de la ULL y de 75 euros para las personas beneficiarias de las <a href=\"https:\/\/fg.ull.es\/idiomas\/beca-prolingua\/\">Becas Prolingua<\/a>. \u00adEste tipo de becas cubren una parte del curso y est\u00e1n destinadas a estudiantes de la ULL sin titulaci\u00f3n universitaria, al alumnado de la ULL demandante de empleo y con titulaci\u00f3n y a cualquier titulado universitario demandante de empleo. Hay cincuenta disponibles, que se podr\u00e1n solicitar hasta el d\u00eda 6 de junio.<\/p>\n<p>Si te interesa,\u00a0ya puedes inscribirte a trav\u00e9s de la sede electr\u00f3nica de la Fundaci\u00f3n General de la ULL o a en\u00a0de la secretar\u00eda del centro. Para acceder a los niveles superiores, es necesario realizar una prueba de acreditaci\u00f3n previa, que ayudar\u00e1 a determinar el tipo de formaci\u00f3n que mejor se adecua a las necesidades de cada usuario.<\/p>\n<h4><strong>M\u00e1s informaci\u00f3n <a href=\"https:\/\/fg.ull.es\/idiomas\/cursos-de-verano\/\">AQU\u00cd<\/a>\u00a0<\/strong><\/h4>\n","protected":false},"excerpt":{"rendered":"<p>El  plazo de matr\u00edcula para estas formaciones, que se impartir\u00e1n durante los meses de junio y julio ya est\u00e1 abierto, as\u00ed como el periodo de solicitud para las Becas Prolingua<\/p>\n","protected":false},"author":1,"featured_media":3385,"comment_status":"closed","ping_status":"closed","sticky":false,"template":"","format":"standard","meta":{"footnotes":""},"categories":[3],"tags":[],"_links":{"self":[{"href":"https:\/\/fg.ull.es\/idiomas\/wp-json\/wp\/v2\/posts\/3384"}],"collection":[{"href":"https:\/\/fg.ull.es\/idiomas\/wp-json\/wp\/v2\/posts"}],"about":[{"href":"https:\/\/fg.ull.es\/idiomas\/wp-json\/wp\/v2\/types\/post"}],"author":[{"embeddable":true,"href":"https:\/\/fg.ull.es\/idiomas\/wp-json\/wp\/v2\/users\/1"}],"replies":[{"embeddable":true,"href":"https:\/\/fg.ull.es\/idiomas\/wp-json\/wp\/v2\/comments?post=3384"}],"version-history":[{"count":0,"href":"https:\/\/fg.ull.es\/idiomas\/wp-json\/wp\/v2\/posts\/3384\/revisions"}],"wp:featuredmedia":[{"embeddable":true,"href":"https:\/\/fg.ull.es\/idiomas\/wp-json\/wp\/v2\/media\/3385"}],"wp:attachment":[{"href":"https:\/\/fg.ull.es\/idiomas\/wp-json\/wp\/v2\/media?parent=3384"}],"wp:term":[{"taxonomy":"category","embeddable":true,"href":"https:\/\/fg.ull.es\/idiomas\/wp-json\/wp\/v2\/categories?post=3384"},{"taxonomy":"post_tag","embeddable":true,"href":"https:\/\/fg.ull.es\/idiomas\/wp-json\/wp\/v2\/tags?post=3384"}],"curies":[{"name":"wp","href":"https:\/\/api.w.org\/{rel}","templated":true}]}}