{"id":3326,"date":"2016-05-19T13:48:47","date_gmt":"2016-05-19T13:48:47","guid":{"rendered":"https:\/\/fg.ull.es\/idiomas\/?p=3326"},"modified":"2016-05-19T13:48:47","modified_gmt":"2016-05-19T13:48:47","slug":"se-amplia-el-plazo-de-inscripcion-para-el-examen-de-goethe","status":"publish","type":"post","link":"https:\/\/fg.ull.es\/idiomas\/2016\/05\/19\/se-amplia-el-plazo-de-inscripcion-para-el-examen-de-goethe\/","title":{"rendered":"Se ampl\u00eda el plazo de inscripci\u00f3n para el examen de Goethe"},"content":{"rendered":"<p>Las personas interesadas podr\u00e1n apuntarse hasta el pr\u00f3ximo lunes 23 de mayo, en esta prueba de acreditaci\u00f3n para el nivel B1 de alem\u00e1n.<\/p>\n<p><!--more--><\/p>\n<p>El examen, se efectuar\u00e1 en dos d\u00edas distintos. La prueba escrita ser\u00e1 el 27 de mayo y la de expresi\u00f3n oral el d\u00eda 3 de junio, ambas partes en el aula 14 de la Fundaci\u00f3n General de la ULL, desde las 15 a las 18 horas\u00a1. Las personas que lo realicen, acreditar\u00e1n el nivel B1 de alem\u00e1n.<\/p>\n<p>La tarifa para el alumnado del Servicio de Idiomas de la ULL es de 110 euros y de 160 euros para el p\u00fablico general.<\/p>\n<p><strong>Inscripci\u00f3n\u00a0<a href=\"https:\/\/sede.fg.ull.es\/es\/idioma\/detalle\/a16050235\/aleman-goethe-zertifikat-b1\">AQU\u00cd<\/a><\/strong><\/p>\n","protected":false},"excerpt":{"rendered":"<p>Las personas interesadas podr\u00e1n apuntarse hasta el pr\u00f3ximo lunes 23 de mayo, en esta prueba de acreditaci\u00f3n para el nivel B1 de alem\u00e1n.<\/p>\n","protected":false},"author":1,"featured_media":3328,"comment_status":"closed","ping_status":"closed","sticky":false,"template":"","format":"standard","meta":{"footnotes":""},"categories":[3],"tags":[],"_links":{"self":[{"href":"https:\/\/fg.ull.es\/idiomas\/wp-json\/wp\/v2\/posts\/3326"}],"collection":[{"href":"https:\/\/fg.ull.es\/idiomas\/wp-json\/wp\/v2\/posts"}],"about":[{"href":"https:\/\/fg.ull.es\/idiomas\/wp-json\/wp\/v2\/types\/post"}],"author":[{"embeddable":true,"href":"https:\/\/fg.ull.es\/idiomas\/wp-json\/wp\/v2\/users\/1"}],"replies":[{"embeddable":true,"href":"https:\/\/fg.ull.es\/idiomas\/wp-json\/wp\/v2\/comments?post=3326"}],"version-history":[{"count":0,"href":"https:\/\/fg.ull.es\/idiomas\/wp-json\/wp\/v2\/posts\/3326\/revisions"}],"wp:featuredmedia":[{"embeddable":true,"href":"https:\/\/fg.ull.es\/idiomas\/wp-json\/wp\/v2\/media\/3328"}],"wp:attachment":[{"href":"https:\/\/fg.ull.es\/idiomas\/wp-json\/wp\/v2\/media?parent=3326"}],"wp:term":[{"taxonomy":"category","embeddable":true,"href":"https:\/\/fg.ull.es\/idiomas\/wp-json\/wp\/v2\/categories?post=3326"},{"taxonomy":"post_tag","embeddable":true,"href":"https:\/\/fg.ull.es\/idiomas\/wp-json\/wp\/v2\/tags?post=3326"}],"curies":[{"name":"wp","href":"https:\/\/api.w.org\/{rel}","templated":true}]}}