{"id":3295,"date":"2016-05-09T11:50:16","date_gmt":"2016-05-09T11:50:16","guid":{"rendered":"https:\/\/fg.ull.es\/idiomas\/?p=3295"},"modified":"2016-05-09T11:50:16","modified_gmt":"2016-05-09T11:50:16","slug":"el-proximo-miercoles-tenemos-un-nuevo-intercambio-de-conversacion","status":"publish","type":"post","link":"https:\/\/fg.ull.es\/idiomas\/2016\/05\/09\/el-proximo-miercoles-tenemos-un-nuevo-intercambio-de-conversacion\/","title":{"rendered":"El pr\u00f3ximo mi\u00e9rcoles tenemos un nuevo intercambio de conversaci\u00f3n"},"content":{"rendered":"<h1><strong>Ma\u00f1ana tenemos un nuevo intercambio de conversaci\u00f3n\u00a0<\/strong><\/h1>\n<h4><strong>Para este mi\u00e9rcoles 11 de mayo, hemos\u00a0realizado una nueva sesi\u00f3n gratuita de intercambio, dirigida a cualquier persona que quiera practicar idiomas.<\/strong><\/h4>\n<p>A trav\u00e9s de la diversidad de acentos, mediante charlas informales y amenas y con \u00a0la dinamizaci\u00f3n del profesorado del Servicio de Idiomas, las personas participantes podr\u00e1n practicar su expresi\u00f3n oral y ganar soltura en conversaci\u00f3n.<\/p>\n<p>Igual que en los intercambios anteriores, se dividir\u00e1 a los asistentes en distintos grupos, compuestos por estudiantes y nativos de la lengua elegida.<\/p>\n<p>Tenemos una cita ma\u00f1ana, de 18:39 a 20 horas en el aula 3 del aulario de la Fundaci\u00f3n General de la Universidad de La Laguna. Y otra m\u00e1s ell 14 de junio, en el aula 14, de 17:30 a 19 horas.<br \/>\n\u00a1Vente y habla!<\/p>\n","protected":false},"excerpt":{"rendered":"<p>Para este mi\u00e9rcoles 11 de mayo, hemos realizado una nueva sesi\u00f3n gratuita de intercambio, dirigida a cualquier persona que quiera practicar idiomas.<\/p>\n","protected":false},"author":1,"featured_media":3296,"comment_status":"closed","ping_status":"closed","sticky":false,"template":"","format":"standard","meta":{"footnotes":""},"categories":[3],"tags":[],"_links":{"self":[{"href":"https:\/\/fg.ull.es\/idiomas\/wp-json\/wp\/v2\/posts\/3295"}],"collection":[{"href":"https:\/\/fg.ull.es\/idiomas\/wp-json\/wp\/v2\/posts"}],"about":[{"href":"https:\/\/fg.ull.es\/idiomas\/wp-json\/wp\/v2\/types\/post"}],"author":[{"embeddable":true,"href":"https:\/\/fg.ull.es\/idiomas\/wp-json\/wp\/v2\/users\/1"}],"replies":[{"embeddable":true,"href":"https:\/\/fg.ull.es\/idiomas\/wp-json\/wp\/v2\/comments?post=3295"}],"version-history":[{"count":0,"href":"https:\/\/fg.ull.es\/idiomas\/wp-json\/wp\/v2\/posts\/3295\/revisions"}],"wp:featuredmedia":[{"embeddable":true,"href":"https:\/\/fg.ull.es\/idiomas\/wp-json\/wp\/v2\/media\/3296"}],"wp:attachment":[{"href":"https:\/\/fg.ull.es\/idiomas\/wp-json\/wp\/v2\/media?parent=3295"}],"wp:term":[{"taxonomy":"category","embeddable":true,"href":"https:\/\/fg.ull.es\/idiomas\/wp-json\/wp\/v2\/categories?post=3295"},{"taxonomy":"post_tag","embeddable":true,"href":"https:\/\/fg.ull.es\/idiomas\/wp-json\/wp\/v2\/tags?post=3295"}],"curies":[{"name":"wp","href":"https:\/\/api.w.org\/{rel}","templated":true}]}}