{"id":3252,"date":"2016-03-31T08:20:37","date_gmt":"2016-03-31T08:20:37","guid":{"rendered":"https:\/\/fg.ull.es\/idiomas\/?p=3252"},"modified":"2016-03-31T08:20:37","modified_gmt":"2016-03-31T08:20:37","slug":"resolucion-definitiva-de-adjudicacion-de-becas-prolingua-2015-2016-segundo-cuatrimestre","status":"publish","type":"post","link":"https:\/\/fg.ull.es\/idiomas\/2016\/03\/31\/resolucion-definitiva-de-adjudicacion-de-becas-prolingua-2015-2016-segundo-cuatrimestre\/","title":{"rendered":"Resoluci\u00f3n definitiva de adjudicaci\u00f3n de becas Prolingua 2015 -2016 (Segundo cuatrimestre)"},"content":{"rendered":"<p>Reunida hoy, 29 de marzo, la comisi\u00f3n evaluadora de becas Prolingua, se hacen p\u00fablicos los listados definitivos de becas concedidas y denegadas y la lista definitivas de becas en reserva de los cursos del primer cuatrimestre.<\/p>\n<p><!--more--><\/p>\n<p>Una vez examinadas y resultas las alegaciones presentadas se resuelve definitivamente:<\/p>\n<p><a href=\"http:\/\/www.fg.ull.es\/wp-content\/uploads\/2016\/03\/Listado-definitivo-de-becas-concedidas-cupo-Franc%C3%A9s-y-Portugu%C3%A9s1.pdf\" target=\"_blank\">Listado definitivo de becas concedidas cupo Franc\u00e9s y Portugu\u00e9s<\/a><\/p>\n<p><a href=\"http:\/\/www.fg.ull.es\/wp-content\/uploads\/2016\/03\/Listado-definitivo-de-becas-concedidas-cupo-Alem%C3%A1n-Ingl%C3%A9s-Italiano-y-LSE.pdf\">Listado definitivo de becas concedidas cupo Alem\u00e1n, Ingl\u00e9s, Italiano y LSE<\/a><\/p>\n<p><a href=\"http:\/\/www.fg.ull.es\/wp-content\/uploads\/2016\/03\/Listado-definitivo-de-becas-en-reserva-cupo-Alem%C3%A1n-Ingl%C3%A9s-Italiano-y-LSE.pdf\">Listado definitivo de becas en reserva cupo Alem\u00e1n, Ingl\u00e9s, Italiano y LSE<\/a><\/p>\n<p><a href=\"http:\/\/www.fg.ull.es\/wp-content\/uploads\/2016\/03\/Listado-definitivo-de-becas-denegadas.pdf\">Listado definitivo de becas denegadas<\/a><\/p>\n<p><a href=\"http:\/\/www.fg.ull.es\/wp-content\/uploads\/2016\/03\/Acta-de-resoluci%C3%B3n-definitiva.pdf\">Acta de resoluci\u00f3n definitiva<\/a><\/p>\n<p>Se establece un plazo, que finaliza d\u00eda 8 de abril, para que las personas que hayan obtenido beca firmen la aceptaci\u00f3n de la misma, de lo contrario se entiende que desisten.<\/p>\n<p>Los solicitantes que no hayan obtenido beca deber\u00e1n abonar el importe correspondiente a la matr\u00edcula del curso antes del 8 de abril.<\/p>\n<div class=\"addtoany_share_save_container addtoany_content_bottom\">\n<div id=\"\" class=\"a2a_kit a2a_kit_size_32 addtoany_list a2a_target\"><a class=\"a2a_button_facebook a2a_counter\" title=\"Facebook\" href=\"http:\/\/www.fg.ull.es\/#facebook\" target=\"_blank\" rel=\"nofollow\"><span class=\"a2a_label\">Facebook<\/span><span class=\"a2a_count\">0<\/span><\/a><a class=\"a2a_button_twitter\" title=\"Twitter\" href=\"http:\/\/www.fg.ull.es\/#twitter\" target=\"_blank\" rel=\"nofollow\"><span class=\"a2a_label\">Twitter<\/span><\/a><a class=\"a2a_button_linkedin a2a_counter\" title=\"LinkedIn\" href=\"http:\/\/www.fg.ull.es\/#linkedin\" target=\"_blank\" rel=\"nofollow\"><span class=\"a2a_label\">LinkedIn<\/span><span class=\"a2a_count\">0<\/span><\/a><a class=\"a2a_button_google_plus\" title=\"Google+\" href=\"http:\/\/www.fg.ull.es\/#google_plus\" target=\"_blank\" rel=\"nofollow\"><span class=\"a2a_label\">Google+<\/span><\/a><a class=\"a2a_button_google_gmail\" title=\"Google Gmail\" href=\"http:\/\/www.fg.ull.es\/#google_gmail\" target=\"_blank\" rel=\"nofollow\"><span class=\"a2a_label\">Google Gmail<\/span><\/a><a class=\"a2a_dd addtoany_share_save\" href=\"https:\/\/www.addtoany.com\/share#url=http%3A%2F%2Fwww.fg.ull.es%2Fes%2F2016%2F03%2Fresolucion-definitiva-de-adjudicacion-de-becas-prolingua-2015-2016-segundo-cuatrimestre%2F&amp;title=Resoluci%C3%B3n%20definitiva%20de%20adjudicaci%C3%B3n%20de%20becas%20Prolingua%202015%20-2016%20(Segundo%20cuatrimestre)&amp;description=\"><span class=\"a2a_label\">Compartir<\/span><\/a><\/div>\n<\/div>\n","protected":false},"excerpt":{"rendered":"<p>Reunida hoy, 29 de marzo, la comisi\u00f3n evaluadora de becas Prolingua, se hacen p\u00fablicos los listados definitivos de becas concedidas y denegadas y la lista definitivas de becas en reserva de los cursos del primer cuatrimestre.<\/p>\n","protected":false},"author":1,"featured_media":0,"comment_status":"closed","ping_status":"closed","sticky":false,"template":"","format":"standard","meta":{"footnotes":""},"categories":[3],"tags":[],"_links":{"self":[{"href":"https:\/\/fg.ull.es\/idiomas\/wp-json\/wp\/v2\/posts\/3252"}],"collection":[{"href":"https:\/\/fg.ull.es\/idiomas\/wp-json\/wp\/v2\/posts"}],"about":[{"href":"https:\/\/fg.ull.es\/idiomas\/wp-json\/wp\/v2\/types\/post"}],"author":[{"embeddable":true,"href":"https:\/\/fg.ull.es\/idiomas\/wp-json\/wp\/v2\/users\/1"}],"replies":[{"embeddable":true,"href":"https:\/\/fg.ull.es\/idiomas\/wp-json\/wp\/v2\/comments?post=3252"}],"version-history":[{"count":0,"href":"https:\/\/fg.ull.es\/idiomas\/wp-json\/wp\/v2\/posts\/3252\/revisions"}],"wp:attachment":[{"href":"https:\/\/fg.ull.es\/idiomas\/wp-json\/wp\/v2\/media?parent=3252"}],"wp:term":[{"taxonomy":"category","embeddable":true,"href":"https:\/\/fg.ull.es\/idiomas\/wp-json\/wp\/v2\/categories?post=3252"},{"taxonomy":"post_tag","embeddable":true,"href":"https:\/\/fg.ull.es\/idiomas\/wp-json\/wp\/v2\/tags?post=3252"}],"curies":[{"name":"wp","href":"https:\/\/api.w.org\/{rel}","templated":true}]}}