{"id":3241,"date":"2016-03-15T12:39:30","date_gmt":"2016-03-15T12:39:30","guid":{"rendered":"https:\/\/fg.ull.es\/idiomas\/?p=3241"},"modified":"2016-03-15T12:39:30","modified_gmt":"2016-03-15T12:39:30","slug":"resolucion-provisional-de-adjudicacion-de-becas-prolingua-2015-2016-segundo-cuatrimestre","status":"publish","type":"post","link":"https:\/\/fg.ull.es\/idiomas\/2016\/03\/15\/resolucion-provisional-de-adjudicacion-de-becas-prolingua-2015-2016-segundo-cuatrimestre\/","title":{"rendered":"Resoluci\u00f3n provisional de adjudicaci\u00f3n de becas Prolingua 2015-2016 (Segundo cuatrimestre)"},"content":{"rendered":"<p>Reunida hoy, 15 de marzo de 2016, la comisi\u00f3n evaluadora de becas Prolingua, se hacen p\u00fablicos los listados provisionales de becas concedidas y listado de reservas.<\/p>\n<p><!--more--><\/p>\n<p>Una vez examinadas y baremadas las solicitudes presentadas se resuelve provisionalmente:<\/p>\n<p><a href=\"http:\/\/www.fg.ull.es\/wp-content\/uploads\/2016\/03\/Listado-provisional-de-becas-concedidas-cupo-Franc\u00e9s-y-Portugu\u00e9s1.pdf\" target=\"_blank\">Listado provisional de becas concedidas cupo Franc\u00e9s y Portugu\u00e9s<\/a><\/p>\n<p><a href=\"http:\/\/www.fg.ull.es\/wp-content\/uploads\/2016\/03\/Listado-provisional-de-becas-concedidas-cupo-Alem\u00e1n-Ingl\u00e9s-Italiano-y-LSE.pdf\" target=\"_blank\">Listado provisional de becas concedidas cupo Alem\u00e1n, Ingl\u00e9s, Italiano y LSE<\/a><\/p>\n<p><a href=\"http:\/\/www.fg.ull.es\/wp-content\/uploads\/2016\/03\/Listado-provisional-de-becas-en-reserva-cupo-Alem\u00e1n-Ingl\u00e9s-Italiano-y-LSE.pdf\" target=\"_blank\">Listado provisional de becas en reserva cupo Alem\u00e1n, Ingl\u00e9s, Italiano y LSE<\/a><\/p>\n<p><a href=\"http:\/\/www.fg.ull.es\/wp-content\/uploads\/2016\/03\/Acta-de-resoluci\u00f3n-provisional.pdf\" target=\"_blank\">Acta de resoluci\u00f3n provisional<\/a><\/p>\n<p><a href=\"http:\/\/www.fg.ull.es\/wp-content\/uploads\/2016\/03\/documento-de-alegaciones1.doc\" target=\"_blank\">Documento de alegaciones<\/a><\/p>\n<p><a href=\"http:\/\/www.fg.ull.es\/wp-content\/uploads\/2016\/03\/bases-Prolingua-segundo-cuatrimestre-2015-2016_Firmadas1.pdf\" target=\"_blank\">Bases de la convocatoria<\/a><\/p>\n<p>Se dispone de un plazo de 7 d\u00edas naturales, que<strong> finaliza el 22 de marzo<\/strong>,\u00a0 para la presentaci\u00f3n de alegaciones por vicios o errores de la comisi\u00f3n evaluadora, que en ning\u00fan caso podr\u00e1 ser utilizado para completar la documentaci\u00f3n aportada ni subsanar defectos en la misma.<strong> Las alegaciones se har\u00e1n de forma exclusiva enviando el documento de alegaciones al correo electr\u00f3nico de \u00e1rea de formaci\u00f3n:\u00a0 <a href=\"mailto:formacion@fg.ull.es\">formacion@fg.ull.es<\/a><\/strong><\/p>\n<p>Finalizado el periodo de alegaciones la comisi\u00f3n evaluadora publicar\u00e1 las listas definitivas de candidaturas que resultan adjudicatarias de becas y una lista de reserva.<\/p>\n","protected":false},"excerpt":{"rendered":"<p>Reunida hoy, 15 de marzo de 2016, la comisi\u00f3n evaluadora de becas Prolingua, se hacen p\u00fablicos los listados provisionales de becas concedidas y listado de reservas<\/p>\n","protected":false},"author":1,"featured_media":0,"comment_status":"closed","ping_status":"closed","sticky":false,"template":"","format":"standard","meta":{"footnotes":""},"categories":[3],"tags":[],"_links":{"self":[{"href":"https:\/\/fg.ull.es\/idiomas\/wp-json\/wp\/v2\/posts\/3241"}],"collection":[{"href":"https:\/\/fg.ull.es\/idiomas\/wp-json\/wp\/v2\/posts"}],"about":[{"href":"https:\/\/fg.ull.es\/idiomas\/wp-json\/wp\/v2\/types\/post"}],"author":[{"embeddable":true,"href":"https:\/\/fg.ull.es\/idiomas\/wp-json\/wp\/v2\/users\/1"}],"replies":[{"embeddable":true,"href":"https:\/\/fg.ull.es\/idiomas\/wp-json\/wp\/v2\/comments?post=3241"}],"version-history":[{"count":0,"href":"https:\/\/fg.ull.es\/idiomas\/wp-json\/wp\/v2\/posts\/3241\/revisions"}],"wp:attachment":[{"href":"https:\/\/fg.ull.es\/idiomas\/wp-json\/wp\/v2\/media?parent=3241"}],"wp:term":[{"taxonomy":"category","embeddable":true,"href":"https:\/\/fg.ull.es\/idiomas\/wp-json\/wp\/v2\/categories?post=3241"},{"taxonomy":"post_tag","embeddable":true,"href":"https:\/\/fg.ull.es\/idiomas\/wp-json\/wp\/v2\/tags?post=3241"}],"curies":[{"name":"wp","href":"https:\/\/api.w.org\/{rel}","templated":true}]}}