{"id":2452,"date":"2014-10-21T09:12:25","date_gmt":"2014-10-21T09:12:25","guid":{"rendered":"https:\/\/fg.ull.es\/idiomas\/?p=2452"},"modified":"2014-10-21T09:12:25","modified_gmt":"2014-10-21T09:12:25","slug":"nuevo-curso-preparatorio-del-b1-de-ingles-por-acles","status":"publish","type":"post","link":"https:\/\/fg.ull.es\/idiomas\/2014\/10\/21\/nuevo-curso-preparatorio-del-b1-de-ingles-por-acles\/","title":{"rendered":"Nuevo curso preparatorio del B1 de Ingl\u00e9s por ACLES"},"content":{"rendered":"<p>El curso comenzar\u00e1 a impartirse\u00a0el 31 de octubre, y finalizar\u00e1 unos d\u00edas antes del examen, el 23 de enero de 2015. Se ofrece la posibilidad de realizarlo tanto en horario de ma\u00f1ana como de tarde. Constar\u00e1 de 50 horas y se celebrar\u00e1 en la Facultad de Derecho de la ULL.<\/p>\n<p><a href=\"https:\/\/fg.ull.es\/idiomas\/wp-content\/uploads\/sites\/13\/2014\/10\/valla_8x3m_1.jpg\"><img decoding=\"async\" loading=\"lazy\" class=\"size-medium wp-image-2453 aligncenter\" src=\"https:\/\/fg.ull.es\/idiomas\/wp-content\/uploads\/sites\/13\/2014\/10\/valla_8x3m_1-600x225.jpg\" alt=\"valla_8x3m_1\" width=\"600\" height=\"225\" \/><\/a><\/p>\n<p><!--more--><\/p>\n<p>El Servicio de Idiomas de la Universidad de La Laguna ofrece un nuevo curso preparatorio del nivel B1 de ingl\u00e9s por el sistema de acreditaci\u00f3n ACLES, del que es centro acreditado. El curso comenzar\u00e1 a impartirse la pr\u00f3xima semana, el viernes 31 de octubre, y se extender\u00e1 hasta el 23 de enero de 2015. Constar\u00e1 de 50 horas, 40 presenciales y 10 online, y se requiere un nivel m\u00ednimo de entrada de B1.3.<\/p>\n<p>Adem\u00e1s, se desarrollar\u00e1 tanto en horario de <a href=\"https:\/\/sede.fg.ull.es\/es\/idioma\/detalle\/a14050496\/ingles-preparatorio-b1-acles\">ma\u00f1ana<\/a> como de <a href=\"https:\/\/sede.fg.ull.es\/es\/idioma\/detalle\/a14050497\/ingles-preparatorio-b1-acles\">tarde<\/a> y tendr\u00e1 lugar en la Facultad de Derecho de la ULL. Se impartir\u00e1 todos los viernes de 9 a 13 horas y, posteriormente, de 16 a 20 horas. Finalizar\u00e1 justo antes del examen de acreditaci\u00f3n B1, que est\u00e1 previsto para el 30 de enero de 2015. Las personas que realicen este curso preparatorio tendr\u00e1n un descuento en la acreditaci\u00f3n de 10 euros.<\/p>\n<p>La inscripci\u00f3n para el curso estar\u00e1 abierta hasta el 27 de octubre y se tendr\u00e1 que formalizar de manera presencial en la secretar\u00eda de la Fundaci\u00f3n General de la ULL.<\/p>\n<p><a href=\"https:\/\/sede.fg.ull.es\/es\/idioma\/detalle\/a15050009\/ingles-acles-b1\">(Inscripci\u00f3n para el examen de acreditaci\u00f3n aqu\u00ed)<\/a><\/p>\n","protected":false},"excerpt":{"rendered":"<p>El curso comenzar\u00e1 a impartirse\u00a0el 31 de octubre, y finalizar\u00e1 unos d\u00edas antes del examen, el 23 de enero de 2015. Se ofrece la posibilidad de realizarlo tanto en horario de ma\u00f1ana como de tarde. Constar\u00e1 de 50 horas y se celebrar\u00e1 en la Facultad de Derecho de la ULL.<\/p>\n","protected":false},"author":1,"featured_media":0,"comment_status":"closed","ping_status":"closed","sticky":false,"template":"","format":"standard","meta":{"footnotes":""},"categories":[3],"tags":[],"_links":{"self":[{"href":"https:\/\/fg.ull.es\/idiomas\/wp-json\/wp\/v2\/posts\/2452"}],"collection":[{"href":"https:\/\/fg.ull.es\/idiomas\/wp-json\/wp\/v2\/posts"}],"about":[{"href":"https:\/\/fg.ull.es\/idiomas\/wp-json\/wp\/v2\/types\/post"}],"author":[{"embeddable":true,"href":"https:\/\/fg.ull.es\/idiomas\/wp-json\/wp\/v2\/users\/1"}],"replies":[{"embeddable":true,"href":"https:\/\/fg.ull.es\/idiomas\/wp-json\/wp\/v2\/comments?post=2452"}],"version-history":[{"count":0,"href":"https:\/\/fg.ull.es\/idiomas\/wp-json\/wp\/v2\/posts\/2452\/revisions"}],"wp:attachment":[{"href":"https:\/\/fg.ull.es\/idiomas\/wp-json\/wp\/v2\/media?parent=2452"}],"wp:term":[{"taxonomy":"category","embeddable":true,"href":"https:\/\/fg.ull.es\/idiomas\/wp-json\/wp\/v2\/categories?post=2452"},{"taxonomy":"post_tag","embeddable":true,"href":"https:\/\/fg.ull.es\/idiomas\/wp-json\/wp\/v2\/tags?post=2452"}],"curies":[{"name":"wp","href":"https:\/\/api.w.org\/{rel}","templated":true}]}}