{"id":2433,"date":"2014-10-09T11:03:09","date_gmt":"2014-10-09T11:03:09","guid":{"rendered":"https:\/\/fg.ull.es\/idiomas\/?p=2433"},"modified":"2014-10-09T11:03:09","modified_gmt":"2014-10-09T11:03:09","slug":"en-noviembre-daran-comienzo-nuevos-cursos-de-idiomas-en-puerto-de-la-cruz-y-los-realejos","status":"publish","type":"post","link":"https:\/\/fg.ull.es\/idiomas\/2014\/10\/09\/en-noviembre-daran-comienzo-nuevos-cursos-de-idiomas-en-puerto-de-la-cruz-y-los-realejos\/","title":{"rendered":"En noviembre dar\u00e1n comienzo nuevos cursos de idiomas en Puerto de la Cruz y Los Realejos"},"content":{"rendered":"<p>La oferta formativa est\u00e1 compuesta por 11 cursos, que tendr\u00e1n una duraci\u00f3n de entre 30 y 50 horas, de distintos idiomas como espa\u00f1ol, ingl\u00e9s, franc\u00e9s, alem\u00e1n y ruso. Comenzar\u00e1n a impartirse en noviembre en la Universidad Popular del Puerto de la Cruz y en el aula UNED de Los Realejos.<\/p>\n<p><a href=\"https:\/\/fg.ull.es\/idiomas\/wp-content\/uploads\/sites\/13\/2014\/10\/pantalla-servicio-de-idiomas-del-Puerto-de-la-Cruz-1280x720px.jpg\"><img decoding=\"async\" loading=\"lazy\" class=\"aligncenter wp-image-2434 size-medium\" src=\"https:\/\/fg.ull.es\/idiomas\/wp-content\/uploads\/sites\/13\/2014\/10\/pantalla-servicio-de-idiomas-del-Puerto-de-la-Cruz-1280x720px-600x337.jpg\" alt=\"pantalla servicio de idiomas del Puerto de la Cruz 1280x720px\" width=\"600\" height=\"337\" \/><\/a><!--more--><\/p>\n<p>El Servicio de Idiomas de la Universidad de La Laguna ofrecer\u00e1 este curso acad\u00e9mico once nuevos cursos de idiomas en municipios del norte de la isla: el Puerto de la Cruz y Los Realejos. La oferta estar\u00e1 compuesta actividades formativas de espa\u00f1ol, ingl\u00e9s, franc\u00e9s, alem\u00e1n y ruso. Algunos de ellos, orientados a la atenci\u00f3n al cliente y el turismo en esos idiomas.<\/p>\n<p>Comenzar\u00e1n a impartirse el pr\u00f3ximo mes de noviembre y finalizar\u00e1n en enero, febrero y marzo de 2015. Constar\u00e1n de 30 y 50 horas presenciales y tendr\u00e1n lugar en la Universidad Popular del Puerto de la Cruz y en el aula UNED de Los Realejos.<\/p>\n<p>La oferta formativa en Los Realejos, se compondr\u00e1 de:<\/p>\n<ul>\n<li><a href=\"https:\/\/sede.fg.ull.es\/es\/idioma\/detalle\/a14050447\/aleman-basico-de-atencion-al-cliente\">Alem\u00e1n &#8211; B\u00e1sico de atenci\u00f3n al cliente<\/a>: comenzar\u00e1 a impartirse el 19 de noviembre y finalizar\u00e1 el 2 de febrero.<\/li>\n<li><a href=\"https:\/\/sede.fg.ull.es\/es\/idioma\/detalle\/a14050449\/ruso-basico-de-atencion-al-cliente\">Ruso \u2013 B\u00e1sico de atenci\u00f3n al cliente<\/a>: comenzar\u00e1 a impartirse el 19 de noviembre y finalizar\u00e1 el 2 de febrero.<\/li>\n<li><a href=\"https:\/\/sede.fg.ull.es\/es\/idioma\/detalle\/a14050448\/ingles-intermedio-de-atencion-al-cliente\">Ingl\u00e9s intermedio de atenci\u00f3n al cliente<\/a>: comenzar\u00e1 a impartirse el 20 de noviembre y finalizar\u00e1 el 29 de enero.<\/li>\n<\/ul>\n<p>La matr\u00edcula en estos cursos se podr\u00e1 realizar hasta el 17 de noviembre a trav\u00e9s de la sede electr\u00f3nica de la Fundaci\u00f3n General de la ULL o de manera presencial en la secretar\u00eda.<\/p>\n<p>Por otra parte, la oferta de cursos que se desarrollar\u00e1n en el Puerto de la Cruz es la siguiente:<\/p>\n<ul>\n<li><a href=\"https:\/\/sede.fg.ull.es\/es\/idioma\/detalle\/a14050467\/espa-ol-conversacional\">Espa\u00f1ol conversacional<\/a>: se comenzar\u00e1 a impartir el 10 de noviembre y finalizar\u00e1 el 21 de enero. Se requiere un nivel m\u00ednimo de entrada de A2.2.<\/li>\n<li><a href=\"https:\/\/sede.fg.ull.es\/es\/idioma\/detalle\/a14050465\/espa-ol-a1\">Espa\u00f1ol A1<\/a>: comenzar\u00e1 a impartirse el 11 de noviembre y finalizar\u00e1 el 12 de febrero.<\/li>\n<li><a href=\"https:\/\/sede.fg.ull.es\/es\/idioma\/detalle\/a14050466\/espa-ol-a2-1\">Espa\u00f1ol A2.1<\/a>: comenzar\u00e1 a impartirse el 11 de noviembre y finalizar\u00e1 el 12 de febrero.<\/li>\n<li><a href=\"https:\/\/sede.fg.ull.es\/es\/idioma\/detalle\/a14050461\/ingles-conversacional\">Ingl\u00e9s conversacional<\/a>: comenzar\u00e1 a impartirse el 11 de noviembre y finalizar\u00e1 el 16 de marzo. \u00a0Se requiere un nivel m\u00ednimo de entrada de A2.2.<\/li>\n<li><a href=\"https:\/\/sede.fg.ull.es\/es\/idioma\/detalle\/a14050458\/ingles-curso-de-atencion-al-cliente-a1-2\">Ingl\u00e9s &#8211; Curso de atenci\u00f3n al cliente A1.2<\/a>: comenzar\u00e1 a impartirse el 11 de noviembre y finalizar\u00e1 el 12 de febrero.<\/li>\n<li><a href=\"https:\/\/sede.fg.ull.es\/es\/idioma\/detalle\/a14050462\/aleman-curso-de-atencion-al-cliente-a1-1\">Alem\u00e1n \u2013 Curso de atenci\u00f3n al cliente A1.1<\/a>: comenzar\u00e1 a impartirse el 10 de noviembre y finalizar\u00e1 el 11 de febrero.<\/li>\n<li><a href=\"https:\/\/sede.fg.ull.es\/es\/idioma\/detalle\/a14050464\/ruso-curso-de-atencion-al-cliente-a1-1\">Ruso \u2013 Curso de atenci\u00f3n al cliente A1.1<\/a>: comenzar\u00e1 a impartirse el 10 de noviembre y finalizar\u00e1 el 11 de febrero.<\/li>\n<li><a href=\"https:\/\/sede.fg.ull.es\/es\/idioma\/detalle\/a14050463\/frances-para-turismo-a1-1\">Franc\u00e9s \u2013 para turismo A1.1<\/a>: comenzar\u00e1 a impartirse el 11 de noviembre y finalizar\u00e1 el 12 de febrero.<\/li>\n<\/ul>\n<p>La matr\u00edcula y preinscripci\u00f3n para estos cursos se podr\u00e1 realizar hasta el 7 de noviembre. \u00a0En los cursos en los que se necesite un determinado nivel para entrar, se realizar\u00e1 prueba de nivel y se realizar\u00e1 preinscripci\u00f3n. Adem\u00e1s, se realizar\u00e1n descuentos en los precios de los cursos a estudiantes de la ULL, demandantes de empleo y a trabajadores y residentes en el Puerto de la Cruz y Los Realejos.<\/p>\n<p>M\u00e1s informaci\u00f3n haciendo clic en los nombres de cada curso.<\/p>\n","protected":false},"excerpt":{"rendered":"<p>La oferta formativa est\u00e1 compuesta por 11 cursos, que tendr\u00e1n una duraci\u00f3n de entre 30 y 50 horas, de distintos idiomas como espa\u00f1ol, ingl\u00e9s, franc\u00e9s, alem\u00e1n y ruso. Comenzar\u00e1n a impartirse en noviembre en la Universidad Popular del Puerto de la Cruz y en el aula UNED de Los Realejos.<\/p>\n","protected":false},"author":1,"featured_media":0,"comment_status":"closed","ping_status":"closed","sticky":false,"template":"","format":"standard","meta":{"footnotes":""},"categories":[3],"tags":[],"_links":{"self":[{"href":"https:\/\/fg.ull.es\/idiomas\/wp-json\/wp\/v2\/posts\/2433"}],"collection":[{"href":"https:\/\/fg.ull.es\/idiomas\/wp-json\/wp\/v2\/posts"}],"about":[{"href":"https:\/\/fg.ull.es\/idiomas\/wp-json\/wp\/v2\/types\/post"}],"author":[{"embeddable":true,"href":"https:\/\/fg.ull.es\/idiomas\/wp-json\/wp\/v2\/users\/1"}],"replies":[{"embeddable":true,"href":"https:\/\/fg.ull.es\/idiomas\/wp-json\/wp\/v2\/comments?post=2433"}],"version-history":[{"count":0,"href":"https:\/\/fg.ull.es\/idiomas\/wp-json\/wp\/v2\/posts\/2433\/revisions"}],"wp:attachment":[{"href":"https:\/\/fg.ull.es\/idiomas\/wp-json\/wp\/v2\/media?parent=2433"}],"wp:term":[{"taxonomy":"category","embeddable":true,"href":"https:\/\/fg.ull.es\/idiomas\/wp-json\/wp\/v2\/categories?post=2433"},{"taxonomy":"post_tag","embeddable":true,"href":"https:\/\/fg.ull.es\/idiomas\/wp-json\/wp\/v2\/tags?post=2433"}],"curies":[{"name":"wp","href":"https:\/\/api.w.org\/{rel}","templated":true}]}}