{"id":2074,"date":"2014-06-06T11:59:13","date_gmt":"2014-06-06T11:59:13","guid":{"rendered":"https:\/\/fg.ull.es\/idiomas\/?p=2074"},"modified":"2014-06-06T11:59:13","modified_gmt":"2014-06-06T11:59:13","slug":"summer-campus-2014-para-ninos-y-ninas-apuntate-que-se-acaban-las-plazas","status":"publish","type":"post","link":"https:\/\/fg.ull.es\/idiomas\/2014\/06\/06\/summer-campus-2014-para-ninos-y-ninas-apuntate-que-se-acaban-las-plazas\/","title":{"rendered":"Summer Campus 2014 para ni\u00f1os y ni\u00f1as \u00a1Ap\u00fantate que se acaban las plazas!"},"content":{"rendered":"<p style=\"color: #6a6a6a\">\u00a1Un verano de diversi\u00f3n y aprendizaje en la Universidad de La Laguna! Se dirige a ni\u00f1os y ni\u00f1as con edades comprendidas entre los 5 y los 13 a\u00f1os, en dos grupos: de 5 a 8 a\u00f1os y de 9 a 13 a\u00f1os. Empieza el 23 de junio, \u00a1no te quedes fuera!<img decoding=\"async\" loading=\"lazy\" class=\"aligncenter size-medium wp-image-2075\" src=\"https:\/\/fg.ull.es\/idiomas\/wp-content\/uploads\/sites\/13\/2014\/06\/pantalla_1280x720px2-600x337.jpg\" alt=\"Summer Campus\" width=\"600\" height=\"337\" \/><\/p>\n<p style=\"color: #6a6a6a\"><!--more--><\/p>\n<p style=\"color: #6a6a6a\"><a href=\"https:\/\/fg.ull.es\/idiomas\/wp-content\/uploads\/sites\/13\/2014\/06\/pantalla_1280x720px2.jpg\"><br \/>\n<\/a>En este campus de verano se fusionar\u00e1n clases de ingl\u00e9s y alem\u00e1n con talleres de teatro, ciencias y habilidades y se intentar\u00e1 inculcar el valor del emprendimiento, desarrollando el esp\u00edritu innovador desde las edades m\u00e1s tempranas.<\/p>\n<p style=\"color: #6a6a6a\">Las actividades se desarrollar\u00e1n en La Laguna, en el Campus Central de la ULL en la Facultad de Eduaci\u00f3n, desde el 23 de junio\u00a0 al 31 de julio, de lunes a viernes y entre las 9 y las 14 horas de la tarde, si bien las puertas del recinto estar\u00e1n abiertas desde las 8 de la ma\u00f1ana, para facilitar la llegada al trabajo de los padres y madres.<\/p>\n<ul style=\"color: #6a6a6a\">\n<li>Precio completo: 300 euros p\u00fablico en general, 240 euros para comunidad universitaria (10% descuentos para hermanos\/as)<\/li>\n<li>Precio por periodos: 180 euros para p\u00fablico en general, 150 euros para comunidad universitaria (1\u00ba Periodo: del 23 de junio al 11 de julio, 2\u00ba Periodo: del 14 de julio al 31 de julio)<\/li>\n<\/ul>\n<p style=\"color: #6a6a6a\"><a style=\"font-weight: bold;color: #d56100\" href=\"http:\/\/www.fg.ull.es\/public\/docs\/1188_7w_horarios_y_actividades_summer_campus_2014.pdf\"><strong>Consulta el horario de actividades<\/strong><strong>\u00a0<\/strong><\/a><strong>(sujeta a posibles cambios)<\/strong><\/p>\n<p style=\"color: #6a6a6a\"><strong><a style=\"color: #d56100\" href=\"https:\/\/sede.fg.ull.es\/summercampus\/es\/Inscripcion\/Add\" target=\"_blank\">Solicitud de inscripci\u00f3n<\/a><\/strong><\/p>\n<p style=\"color: #6a6a6a\">M\u00e1s informaci\u00f3n e inscripci\u00f3n:<\/p>\n<p style=\"color: #6a6a6a\">Secretaria: 922319200,\u00a0<a style=\"font-weight: bold;color: #d56100\" href=\"mailto:secretaria@fg.ull.es\">secretaria@fg.ull.es<\/a><\/p>\n<p style=\"color: #6a6a6a\">\u00c1rea de Formaci\u00f3n: 922319937,\u00a0<a style=\"font-weight: bold;color: #d56100\" href=\"mailto:formacion@fg.ull.es\">formacion@fg.ull.es<\/a><\/p>\n","protected":false},"excerpt":{"rendered":"<p>\u00a1Un verano de diversi\u00f3n y aprendizaje en la Universidad de La Laguna! Se dirige a ni\u00f1os y ni\u00f1as con edades comprendidas entre los 5 y los 13 a\u00f1os, en dos grupos: de 5 a 8 a\u00f1os y de 9 a 13 a\u00f1os. Empieza el 23 de junio, \u00a1no te quedes fuera!<\/p>\n","protected":false},"author":1,"featured_media":0,"comment_status":"closed","ping_status":"closed","sticky":false,"template":"","format":"standard","meta":{"footnotes":""},"categories":[3],"tags":[31,33,44,66,72,74,104,105,128,135,141,144],"_links":{"self":[{"href":"https:\/\/fg.ull.es\/idiomas\/wp-json\/wp\/v2\/posts\/2074"}],"collection":[{"href":"https:\/\/fg.ull.es\/idiomas\/wp-json\/wp\/v2\/posts"}],"about":[{"href":"https:\/\/fg.ull.es\/idiomas\/wp-json\/wp\/v2\/types\/post"}],"author":[{"embeddable":true,"href":"https:\/\/fg.ull.es\/idiomas\/wp-json\/wp\/v2\/users\/1"}],"replies":[{"embeddable":true,"href":"https:\/\/fg.ull.es\/idiomas\/wp-json\/wp\/v2\/comments?post=2074"}],"version-history":[{"count":0,"href":"https:\/\/fg.ull.es\/idiomas\/wp-json\/wp\/v2\/posts\/2074\/revisions"}],"wp:attachment":[{"href":"https:\/\/fg.ull.es\/idiomas\/wp-json\/wp\/v2\/media?parent=2074"}],"wp:term":[{"taxonomy":"category","embeddable":true,"href":"https:\/\/fg.ull.es\/idiomas\/wp-json\/wp\/v2\/categories?post=2074"},{"taxonomy":"post_tag","embeddable":true,"href":"https:\/\/fg.ull.es\/idiomas\/wp-json\/wp\/v2\/tags?post=2074"}],"curies":[{"name":"wp","href":"https:\/\/api.w.org\/{rel}","templated":true}]}}