{"id":2048,"date":"2014-05-26T09:27:51","date_gmt":"2014-05-26T09:27:51","guid":{"rendered":"https:\/\/fg.ull.es\/idiomas\/?p=2048"},"modified":"2014-05-26T09:27:51","modified_gmt":"2014-05-26T09:27:51","slug":"nuevos-cursos-orientados-a-la-atencion-al-cliente-en-la-palma","status":"publish","type":"post","link":"https:\/\/fg.ull.es\/idiomas\/2014\/05\/26\/nuevos-cursos-orientados-a-la-atencion-al-cliente-en-la-palma\/","title":{"rendered":"Nuevos cursos orientados a la atenci\u00f3n al cliente en La Palma"},"content":{"rendered":"<p>Se celebrar\u00e1n un total de 8 cursos de ingl\u00e9s, alem\u00e1n y franc\u00e9s, que se\u00a0impartir\u00e1n a partir del pr\u00f3ximo lunes 2 de junio en la Casa Rosada de la capital palmera. Est\u00e1n\u00a0subvencionados por el Cabildo de La Palma\u00a0y se podr\u00e1 realizar la matr\u00edcula hasta el\u00a031 de mayo.<\/p>\n<p><a href=\"https:\/\/fg.ull.es\/idiomas\/wp-content\/uploads\/sites\/13\/2014\/04\/La_Palma_pantalla_1280x720px.jpg\"><img decoding=\"async\" loading=\"lazy\" class=\"aligncenter wp-image-1869 size-medium\" src=\"https:\/\/fg.ull.es\/idiomas\/wp-content\/uploads\/sites\/13\/2014\/04\/La_Palma_pantalla_1280x720px-600x337.jpg\" alt=\"La_Palma_pantalla_1280x720px\" width=\"600\" height=\"337\" \/><\/a><\/p>\n<p><!--more--><\/p>\n<p>El Servicio de Idiomas de la Universidad de La Laguna organiza junto con el Servicio de Educaci\u00f3n, Empleo, Formaci\u00f3n y Desarrollo Local del Cabildo de La Palma ocho cursos de idiomas orientados a la atenci\u00f3n al cliente. Esta oferta formativa, que incluye ingl\u00e9s, en nivel b\u00e1sico e intermedio I y II; alem\u00e1n, en nivel b\u00e1sico e intermedio I y franc\u00e9s en nivel b\u00e1sico, se llevar\u00e1 a cabo en la Casa Rosada de la capital palmera.<\/p>\n<p>Los cursos dar\u00e1n comienzo a partir del pr\u00f3ximo lunes 2 de junio y su precio ser\u00e1 de 10 euros, al estar subvencionados por el Cabildo de La Palma. As\u00ed, la relaci\u00f3n de los cursos que se impartir\u00e1n es la siguiente:<\/p>\n<ul>\n<li><strong><em>Ingl\u00e9s &#8211; Curso de atenci\u00f3n al cliente en ingl\u00e9s para actividades tur\u00edsticas<\/em><\/strong>:\u00a0<a href=\"https:\/\/sede.fg.ull.es\/es\/idioma\/detalle\/a14050222\/ingles-curso-de-atencion-al-cliente-en-ingles-para-actividades-turisticas-intermedio-ii\"><strong>intermedio II<\/strong><\/a>\u00a0e\u00a0<a href=\"https:\/\/sede.fg.ull.es\/es\/idioma\/detalle\/a14050217\/ingles-curso-de-atencion-al-cliente-en-ingles-para-actividades-turisticas-intermedio-i\"><strong>intermedio I<\/strong><\/a><\/li>\n<li><strong><em>Ingl\u00e9s &#8211; Curso de atenci\u00f3n al cliente en ingl\u00e9s: nivel b\u00e1sico<\/em><\/strong>\u00a0en dos grupos, uno de\u00a0<a href=\"https:\/\/sede.fg.ull.es\/es\/idioma\/detalle\/a14050216\/ingles-curso-de-atencion-al-cliente-en-ingles-nivel-basico\"><strong>ma\u00f1ana<\/strong><\/a>\u00a0y otro de\u00a0<a href=\"https:\/\/sede.fg.ull.es\/es\/idioma\/detalle\/a14050215\/ingles-curso-de-atencion-al-cliente-en-ingles-nivel-basico\"><strong>tarde<\/strong><\/a>.<\/li>\n<li><strong><em>Alem\u00e1n &#8211; Curso b\u00e1sico de atenci\u00f3n al cliente\u00a0<\/em><\/strong>en dos grupos, uno de <a href=\"https:\/\/sede.fg.ull.es\/es\/idioma\/detalle\/a14050218\/aleman-curso-basico-de-atencion-al-cliente\"><strong>ma\u00f1ana<\/strong><\/a>\u00a0y otro de\u00a0<a href=\"https:\/\/sede.fg.ull.es\/es\/idioma\/detalle\/a14050219\/aleman-curso-basico-de-atencion-al-cliente\"><strong>tarde<\/strong><\/a>.<\/li>\n<li><a href=\"https:\/\/sede.fg.ull.es\/es\/idioma\/detalle\/a14050220\/aleman-curso-nivel-intermedio-i-de-atencion-al-cliente-en-aleman\"><strong>Alem\u00e1n &#8211; Curso nivel Intermedio I de atenci\u00f3n al cliente en alem\u00e1n<\/strong><\/a><\/li>\n<li><a href=\"https:\/\/sede.fg.ull.es\/es\/idioma\/detalle\/a14050221\/frances-curso-basico-de-atencion-al-cliente\"><strong>Franc\u00e9s &#8211; Curso b\u00e1sico de atenci\u00f3n al cliente<\/strong><\/a><\/li>\n<\/ul>\n<p>La inscripci\u00f3n para todos los cursos estar\u00e1 abierta hasta el 31 de mayo y se podr\u00e1 realizar a trav\u00e9s de la sede electr\u00f3nica de la Fundaci\u00f3n General o haciendo clic encima del nombre de cada curso.<\/p>\n","protected":false},"excerpt":{"rendered":"<p>Se celebrar\u00e1n un total de 8 cursos de ingl\u00e9s, alem\u00e1n y franc\u00e9s, que se\u00a0impartir\u00e1n a partir del pr\u00f3ximo lunes 2 de junio en la Casa Rosada de la capital palmera. Est\u00e1n\u00a0subvencionados por el Cabildo de La Palma\u00a0y se podr\u00e1 realizar la matr\u00edcula hasta el\u00a031 de mayo.<\/p>\n","protected":false},"author":1,"featured_media":0,"comment_status":"closed","ping_status":"closed","sticky":false,"template":"","format":"standard","meta":{"footnotes":""},"categories":[3],"tags":[],"_links":{"self":[{"href":"https:\/\/fg.ull.es\/idiomas\/wp-json\/wp\/v2\/posts\/2048"}],"collection":[{"href":"https:\/\/fg.ull.es\/idiomas\/wp-json\/wp\/v2\/posts"}],"about":[{"href":"https:\/\/fg.ull.es\/idiomas\/wp-json\/wp\/v2\/types\/post"}],"author":[{"embeddable":true,"href":"https:\/\/fg.ull.es\/idiomas\/wp-json\/wp\/v2\/users\/1"}],"replies":[{"embeddable":true,"href":"https:\/\/fg.ull.es\/idiomas\/wp-json\/wp\/v2\/comments?post=2048"}],"version-history":[{"count":0,"href":"https:\/\/fg.ull.es\/idiomas\/wp-json\/wp\/v2\/posts\/2048\/revisions"}],"wp:attachment":[{"href":"https:\/\/fg.ull.es\/idiomas\/wp-json\/wp\/v2\/media?parent=2048"}],"wp:term":[{"taxonomy":"category","embeddable":true,"href":"https:\/\/fg.ull.es\/idiomas\/wp-json\/wp\/v2\/categories?post=2048"},{"taxonomy":"post_tag","embeddable":true,"href":"https:\/\/fg.ull.es\/idiomas\/wp-json\/wp\/v2\/tags?post=2048"}],"curies":[{"name":"wp","href":"https:\/\/api.w.org\/{rel}","templated":true}]}}