{"id":2045,"date":"2014-05-23T08:09:21","date_gmt":"2014-05-23T08:09:21","guid":{"rendered":"https:\/\/fg.ull.es\/idiomas\/?p=2045"},"modified":"2014-05-23T08:09:21","modified_gmt":"2014-05-23T08:09:21","slug":"listado-de-libros-utilizados-para-los-cursos-de-verano","status":"publish","type":"post","link":"https:\/\/fg.ull.es\/idiomas\/2014\/05\/23\/listado-de-libros-utilizados-para-los-cursos-de-verano\/","title":{"rendered":"Listado de libros utilizados para los cursos de verano"},"content":{"rendered":"<p><span style=\"color: #000000\">Ya ha sido publicado el listado de libros que se utilizar\u00e1n en los cursos de verano del Servicio de Idiomas de la ULL. Hay un libro para cada nivel del idioma estudiado. En la lista, se podr\u00e1n consultar los libros para ingl\u00e9s, alem\u00e1n, franc\u00e9s, espa\u00f1ol e italiano. La matr\u00edcula para los cursos, que tendr\u00e1n lugar en los mese de junio y julio, ya est\u00e1 abierta y se puede realizar a trav\u00e9s de la sede electr\u00f3nica de la Fundaci\u00f3n General de la ULL.<\/span><\/p>\n<p><a href=\"https:\/\/fg.ull.es\/idiomas\/wp-content\/uploads\/sites\/13\/2014\/05\/PANTALLA_1280x720px.jpg\"><img decoding=\"async\" loading=\"lazy\" class=\"aligncenter wp-image-2027 size-medium\" src=\"https:\/\/fg.ull.es\/idiomas\/wp-content\/uploads\/sites\/13\/2014\/05\/PANTALLA_1280x720px-600x337.jpg\" alt=\"PANTALLA_1280x720px\" width=\"600\" height=\"337\" \/><\/a><!--more--><\/p>\n<p>El Servicio de Idiomas de la Universidad de La Laguna ha publicado el listado de libros que se utilizar\u00e1n en los cursos de verano que tendr\u00e1n lugar en los meses de junio y julio. As\u00ed, el listado incluye los libros de los distintos niveles de ingl\u00e9s, espa\u00f1ol, alem\u00e1n, italiano y franc\u00e9s.<\/p>\n<p>La matr\u00edcula para estos cursos est\u00e1 abierta y se podr\u00e1 formalizar a trav\u00e9s de la sede electr\u00f3nica de la Fundaci\u00f3n General. Adem\u00e1s, las personas interesadas en inscribirse tambi\u00e9n tendr\u00e1n la posibilidad de solicitar una beca \u201cUniversitas Prolingua\u201d para sufragar una parte del coste del curso. El plazo para realizar su solicitud ser\u00e1 hasta el 3 de julio. M\u00e1s informaci\u00f3n\u00a0<a href=\"http:\/\/www.fg.ull.es\/es\/noticia\/se_convocan_las_becas_universitas_prolingua_para_los_cursos_de_verano_del_servicio_de_idiomas_de_la_ull\/1958\/\"><b><span style=\"color: windowtext\">aqu\u00ed<\/span><\/b><\/a>.<\/p>\n<p>Se trata de cursos con diferentes modalidades; algunos de ellos son intensivos, con lo que el alumnado podr\u00e1 avanzar de nivel y progresar r\u00e1pidamente. Se organizar\u00e1n en sesiones de ma\u00f1ana y tarde. La mayor\u00eda de ellos\u00a0se realizar\u00e1n en dos tandas: comenzando durante la primera semana de junio y julio y terminando a finales de ambos meses. Sin embargo, hay algunas excepciones, por lo que ser\u00e1 mejor consultar<span class=\"apple-converted-space\">\u00a0<\/span><a href=\"https:\/\/sede.fg.ull.es\/es\/idioma\"><b><span style=\"color: windowtext\">la informaci\u00f3n<\/span><\/b><\/a><span class=\"apple-converted-space\">\u00a0<\/span>del idioma por el que se est\u00e9 interesado.<\/p>\n<p>Consulta el listado de libros aqu\u00ed:\u00a0<a href=\"https:\/\/fg.ull.es\/idiomas\/wp-content\/uploads\/2014\/05\/LIBROS-cursos-de-verano-2014-SI.pdf\">LIBROS cursos de verano 2014 SI<\/a><\/p>\n<p>&nbsp;<\/p>\n","protected":false},"excerpt":{"rendered":"<p>Ya ha sido publicado el listado de libros que se utilizar\u00e1n en los cursos de verano del Servicio de Idiomas de la ULL. Hay un libro para cada nivel del idioma estudiado. En la lista, se podr\u00e1n consultar los libros para ingl\u00e9s, alem\u00e1n, franc\u00e9s, espa\u00f1ol e italiano. La matr\u00edcula para los cursos, que tendr\u00e1n lugar&#8230;<\/p>\n","protected":false},"author":1,"featured_media":0,"comment_status":"closed","ping_status":"closed","sticky":false,"template":"","format":"standard","meta":{"footnotes":""},"categories":[3],"tags":[],"_links":{"self":[{"href":"https:\/\/fg.ull.es\/idiomas\/wp-json\/wp\/v2\/posts\/2045"}],"collection":[{"href":"https:\/\/fg.ull.es\/idiomas\/wp-json\/wp\/v2\/posts"}],"about":[{"href":"https:\/\/fg.ull.es\/idiomas\/wp-json\/wp\/v2\/types\/post"}],"author":[{"embeddable":true,"href":"https:\/\/fg.ull.es\/idiomas\/wp-json\/wp\/v2\/users\/1"}],"replies":[{"embeddable":true,"href":"https:\/\/fg.ull.es\/idiomas\/wp-json\/wp\/v2\/comments?post=2045"}],"version-history":[{"count":0,"href":"https:\/\/fg.ull.es\/idiomas\/wp-json\/wp\/v2\/posts\/2045\/revisions"}],"wp:attachment":[{"href":"https:\/\/fg.ull.es\/idiomas\/wp-json\/wp\/v2\/media?parent=2045"}],"wp:term":[{"taxonomy":"category","embeddable":true,"href":"https:\/\/fg.ull.es\/idiomas\/wp-json\/wp\/v2\/categories?post=2045"},{"taxonomy":"post_tag","embeddable":true,"href":"https:\/\/fg.ull.es\/idiomas\/wp-json\/wp\/v2\/tags?post=2045"}],"curies":[{"name":"wp","href":"https:\/\/api.w.org\/{rel}","templated":true}]}}