{"id":2029,"date":"2014-05-15T10:28:52","date_gmt":"2014-05-15T10:28:52","guid":{"rendered":"https:\/\/fg.ull.es\/idiomas\/?p=2029"},"modified":"2014-05-15T10:28:52","modified_gmt":"2014-05-15T10:28:52","slug":"se-abre-la-convocatoria-de-becas-universitas-prolingua-para-los-cursos-de-verano","status":"publish","type":"post","link":"https:\/\/fg.ull.es\/idiomas\/2014\/05\/15\/se-abre-la-convocatoria-de-becas-universitas-prolingua-para-los-cursos-de-verano\/","title":{"rendered":"Se abre la convocatoria de becas &#8220;Universitas Prolingua&#8221; para los cursos de verano"},"content":{"rendered":"<p>Se han dispuesto un total de 40 ayudas para la realizaci\u00f3n de alguno de los cursos de verano contemplados en las bases, que se desarrollar\u00e1n en los meses de junio y julio. Est\u00e1n dirigidas a los estudiantes de la ULL y a titulados\/as desempleados\/as que hayan finalizado sus estudios en \u00a0alguna de las universidades p\u00fablicas canarias, con posterioridad al a\u00f1o 2007. El plazo para realizar la solicitud estar\u00e1 abierto hasta el 3 de julio.<\/p>\n<p><a href=\"https:\/\/fg.ull.es\/idiomas\/wp-content\/uploads\/sites\/13\/2014\/04\/summer1.jpg\"><img decoding=\"async\" loading=\"lazy\" class=\"aligncenter wp-image-1990 size-thumbnail\" src=\"https:\/\/fg.ull.es\/idiomas\/wp-content\/uploads\/sites\/13\/2014\/04\/summer1-300x150.jpg\" alt=\"summer1\" width=\"300\" height=\"150\" \/><\/a><\/p>\n<p><!--more--><\/p>\n<p style=\"color: #6a6a6a\">Ya est\u00e1 abierto el plazo de solicitud de las\u00a0<strong><em>becas Universitas Prolingua<\/em><\/strong>\u00a0para los cursos de verano del Servicio de Idiomas de la Universidad de La Laguna. Para esta convocatoria se han dispuesto un total de\u00a0<strong>40 ayudas<\/strong>,\u00a0<strong>20 del Cabildo de Tenerife y 20 del cupo general<\/strong>. As\u00ed, estas becas para el estudio de idiomas se dirigen a la realizaci\u00f3n de alguno de los cursos ofertados como intensivos de verano: alem\u00e1n, ingl\u00e9s, italiano, portugu\u00e9s, franc\u00e9s y lengua de signos, exceptuando los grupos preparatorios de niveles en concreto, as\u00ed como los cursos en materias espec\u00edficas. Los cursos se desarrollar\u00e1n en los meses de junio y julio.<\/p>\n<p style=\"color: #6a6a6a\">Las ayudas est\u00e1n dirigidas tanto a estudiantes no titulados\/as matriculados\/as en la Universidad de La Laguna como a las personas tituladas por alguna de las universidades canarias con posterioridad a 2007 y que se encuentren en situaci\u00f3n de desempleo. Asimismo, para ser beneficiario de una de las 20 becas de la convocatoria del Cabildo de Tenerife, tambi\u00e9n se requerir\u00e1 estar empadronados en la isla de Tenerife.<\/p>\n<p style=\"color: #6a6a6a\">La beca cubrir\u00e1 100 euros del precio de la matr\u00edcula, debiendo abonar el\/la becario\/a \u00a0el resto del importe. Las solicitudes se deben presentar en la secretar\u00eda de la Fundaci\u00f3n General de la ULL\u00a0<strong>hasta el d\u00eda 3 de julio de 2014<\/strong>; previamente la persona interesada deber\u00e1 haber formalizado su matr\u00edcula y abonar en este momento sus tasas correspondientes.<\/p>\n<p style=\"color: #6a6a6a\">Estas becas son posibles gracias a la colaboraci\u00f3n del Cabildo de Tenerife, la Fundaci\u00f3n General de la Universidad de La Laguna, la entidad financiera Cajasiete, el Consejo Social de la ULL y la Direcci\u00f3n General de Universidades del Gobierno de Canarias.<\/p>\n<p style=\"color: #6a6a6a\"><a style=\"font-weight: bold;color: #d56100\" href=\"http:\/\/www.fg.ull.es\/public\/docs\/1197_vk_bases_prolingua_2013intensivos_de_verano.pdf\">Consulta las bases aqu\u00ed<\/a><\/p>\n","protected":false},"excerpt":{"rendered":"<p>Se han dispuesto un total de 40 ayudas para la realizaci\u00f3n de alguno de los cursos de verano contemplados en las bases, que se desarrollar\u00e1n en los meses de junio y julio. Est\u00e1n dirigidas a los estudiantes de la ULL y a titulados\/as desempleados\/as que hayan finalizado sus estudios en \u00a0alguna de las universidades p\u00fablicas&#8230;<\/p>\n","protected":false},"author":1,"featured_media":0,"comment_status":"closed","ping_status":"closed","sticky":false,"template":"","format":"standard","meta":{"footnotes":""},"categories":[3],"tags":[],"_links":{"self":[{"href":"https:\/\/fg.ull.es\/idiomas\/wp-json\/wp\/v2\/posts\/2029"}],"collection":[{"href":"https:\/\/fg.ull.es\/idiomas\/wp-json\/wp\/v2\/posts"}],"about":[{"href":"https:\/\/fg.ull.es\/idiomas\/wp-json\/wp\/v2\/types\/post"}],"author":[{"embeddable":true,"href":"https:\/\/fg.ull.es\/idiomas\/wp-json\/wp\/v2\/users\/1"}],"replies":[{"embeddable":true,"href":"https:\/\/fg.ull.es\/idiomas\/wp-json\/wp\/v2\/comments?post=2029"}],"version-history":[{"count":0,"href":"https:\/\/fg.ull.es\/idiomas\/wp-json\/wp\/v2\/posts\/2029\/revisions"}],"wp:attachment":[{"href":"https:\/\/fg.ull.es\/idiomas\/wp-json\/wp\/v2\/media?parent=2029"}],"wp:term":[{"taxonomy":"category","embeddable":true,"href":"https:\/\/fg.ull.es\/idiomas\/wp-json\/wp\/v2\/categories?post=2029"},{"taxonomy":"post_tag","embeddable":true,"href":"https:\/\/fg.ull.es\/idiomas\/wp-json\/wp\/v2\/tags?post=2029"}],"curies":[{"name":"wp","href":"https:\/\/api.w.org\/{rel}","templated":true}]}}