{"id":2026,"date":"2014-05-15T10:24:39","date_gmt":"2014-05-15T10:24:39","guid":{"rendered":"https:\/\/fg.ull.es\/idiomas\/?p=2026"},"modified":"2014-05-15T10:24:39","modified_gmt":"2014-05-15T10:24:39","slug":"sigue-aprendiendo-idiomas-en-verano","status":"publish","type":"post","link":"https:\/\/fg.ull.es\/idiomas\/2014\/05\/15\/sigue-aprendiendo-idiomas-en-verano\/","title":{"rendered":"Sigue aprendiendo idiomas en verano"},"content":{"rendered":"<p><span style=\"color: #000000\">La oferta formativa del Servicio de Idiomas de la ULL para este verano incluye\u00a0cursos de distintos niveles de ingl\u00e9s, franc\u00e9s, alem\u00e1n, portugu\u00e9s, espa\u00f1ol, italiano y \u00e1rabe que se desarrollar\u00e1n durante los meses de junio y agosto. La matr\u00edcula ya est\u00e1 abierta y se podr\u00e1 realizar a trav\u00e9s de la sede electr\u00f3nica de la Fundaci\u00f3n General.<\/span><\/p>\n<p><a href=\"https:\/\/fg.ull.es\/idiomas\/wp-content\/uploads\/sites\/13\/2014\/05\/PANTALLA_1280x720px.jpg\"><img decoding=\"async\" loading=\"lazy\" class=\"size-medium wp-image-2027 aligncenter\" src=\"https:\/\/fg.ull.es\/idiomas\/wp-content\/uploads\/sites\/13\/2014\/05\/PANTALLA_1280x720px-600x337.jpg\" alt=\"PANTALLA_1280x720px\" width=\"600\" height=\"337\" \/><\/a><\/p>\n<p><!--more--><\/p>\n<p style=\"color: #6a6a6a\">El Servicio de Idiomas de la Universidad de La Laguna presenta su oferta formativa para este verano. Estar\u00e1 formada por cursos de distintos niveles de ingl\u00e9s, franc\u00e9s, alem\u00e1n, portugu\u00e9s, espa\u00f1ol, italiano y \u00e1rabe que se desarrollar\u00e1n durante los meses de junio y julio. Se trata de cursos con diferentes modalidades; algunos de ellos son intensivos, con lo que el alumnado podr\u00e1 avanzar de nivel y progresar r\u00e1pidamente. Se organizar\u00e1n en sesiones de ma\u00f1ana y tarde.<\/p>\n<p style=\"color: #6a6a6a\">La mayor\u00eda de los cursos se realizar\u00e1n en dos tandas: comenzando durante la primera semana de junio y julio y terminando a finales de ambos meses. Sin embargo, hay algunas excepciones, por lo que ser\u00e1 mejor consultar\u00a0<a style=\"font-weight: bold;color: #d56100\" href=\"https:\/\/sede.fg.ull.es\/es\/idioma\">la informaci\u00f3n<\/a>\u00a0del idioma por el que se est\u00e9 interesado.<\/p>\n<p style=\"color: #6a6a6a\">La matr\u00edcula se podr\u00e1 realizar directamente a trav\u00e9s del a web o en la secretar\u00eda de la Fundaci\u00f3n. Si se tiene alg\u00fan conocimiento sobre el idioma, se deber\u00e1 realizar una prueba de nivel de manera gratuita. Esta prueba de nivel es un test muy sencillo y r\u00e1pido que se emplear\u00e1 para establecer en qu\u00e9 punto se encuentra el alumno antes de iniciar las clases, para que se incorpore al curso que mejor se adec\u00fae a su nivel y necesidades. La inscripci\u00f3n para las pruebas de nivel est\u00e1 abierta desde hoy, 14 de mayo.<\/p>\n<p style=\"color: #6a6a6a\"><a style=\"font-weight: bold;color: #d56100\" href=\"https:\/\/fg.ull.es\/idiomas\/cursos-de-verano\/\">M\u00e1s informaci\u00f3n sobre los cursos de verano aqu\u00ed<\/a><\/p>\n","protected":false},"excerpt":{"rendered":"<p>La oferta formativa del Servicio de Idiomas de la ULL para este verano incluye\u00a0cursos de distintos niveles de ingl\u00e9s, franc\u00e9s, alem\u00e1n, portugu\u00e9s, espa\u00f1ol, italiano y \u00e1rabe que se desarrollar\u00e1n durante los meses de junio y agosto. La matr\u00edcula ya est\u00e1 abierta y se podr\u00e1 realizar a trav\u00e9s de la sede electr\u00f3nica de la Fundaci\u00f3n General.<\/p>\n","protected":false},"author":1,"featured_media":0,"comment_status":"closed","ping_status":"closed","sticky":false,"template":"","format":"standard","meta":{"footnotes":""},"categories":[3],"tags":[],"_links":{"self":[{"href":"https:\/\/fg.ull.es\/idiomas\/wp-json\/wp\/v2\/posts\/2026"}],"collection":[{"href":"https:\/\/fg.ull.es\/idiomas\/wp-json\/wp\/v2\/posts"}],"about":[{"href":"https:\/\/fg.ull.es\/idiomas\/wp-json\/wp\/v2\/types\/post"}],"author":[{"embeddable":true,"href":"https:\/\/fg.ull.es\/idiomas\/wp-json\/wp\/v2\/users\/1"}],"replies":[{"embeddable":true,"href":"https:\/\/fg.ull.es\/idiomas\/wp-json\/wp\/v2\/comments?post=2026"}],"version-history":[{"count":0,"href":"https:\/\/fg.ull.es\/idiomas\/wp-json\/wp\/v2\/posts\/2026\/revisions"}],"wp:attachment":[{"href":"https:\/\/fg.ull.es\/idiomas\/wp-json\/wp\/v2\/media?parent=2026"}],"wp:term":[{"taxonomy":"category","embeddable":true,"href":"https:\/\/fg.ull.es\/idiomas\/wp-json\/wp\/v2\/categories?post=2026"},{"taxonomy":"post_tag","embeddable":true,"href":"https:\/\/fg.ull.es\/idiomas\/wp-json\/wp\/v2\/tags?post=2026"}],"curies":[{"name":"wp","href":"https:\/\/api.w.org\/{rel}","templated":true}]}}