{"id":1925,"date":"2014-05-09T12:14:49","date_gmt":"2014-05-09T12:14:49","guid":{"rendered":"https:\/\/fg.ull.es\/idiomas\/?p=1925"},"modified":"2014-05-09T12:14:49","modified_gmt":"2014-05-09T12:14:49","slug":"adentrate-en-la-lengua-y-escritura-arabe-marroqui-con-nosotros","status":"publish","type":"post","link":"https:\/\/fg.ull.es\/idiomas\/2014\/05\/09\/adentrate-en-la-lengua-y-escritura-arabe-marroqui-con-nosotros\/","title":{"rendered":"Ad\u00e9ntrate en la lengua y escritura \u00e1rabe-marroqu\u00ed con nosotros"},"content":{"rendered":"<p>El Servicio de Idiomas de la ULL ofrece un nuevo curso de introducci\u00f3n a la lengua y escritura \u00e1rabe-marroqu\u00ed. Tendr\u00e1 una duraci\u00f3n de 50 horas presenciales y se impartir\u00e1 del 9 al 26 de junio en horario de 16 a 20:30 horas.<\/p>\n<p><a href=\"https:\/\/fg.ull.es\/idiomas\/wp-content\/uploads\/sites\/13\/2014\/05\/nuevas-lenguas_pantalla_1280x720px-2.jpg\"><img decoding=\"async\" loading=\"lazy\" class=\"size-medium wp-image-1926 aligncenter\" src=\"https:\/\/fg.ull.es\/idiomas\/wp-content\/uploads\/sites\/13\/2014\/05\/nuevas-lenguas_pantalla_1280x720px-2-600x341.jpg\" alt=\"nuevas lenguas_pantalla_1280x720px (2)\" width=\"600\" height=\"341\" \/><\/a><\/p>\n<p><!--more--><\/p>\n<p>El Servicio de Idiomas de la Universidad de La Laguna impartir\u00e1 durante el pr\u00f3ximo mes de junio un <strong>curso de iniciaci\u00f3n a la lengua y escritura del \u00e1rabe-marroqu\u00ed<\/strong>. Concretamente se celebrar\u00e1 entre el <strong>9 y el 26 de junio<\/strong> en horario de <strong>lunes a jueves<\/strong> de <strong>16 a 20:30 horas<\/strong>. No es necesario realizar una prueba de nivel ni tener conocimientos previos ni de la lengua ni de la escritura \u00e1rabe.<\/p>\n<p>Esta acci\u00f3n formativa est\u00e1 dise\u00f1ada para aprender a leer y escribir en \u00e1rabe correctamente, y al mismo tiempo, se puedan adquirir las destrezas y estrategias comunicativas b\u00e1sicas. As\u00ed, el curso se presenta en su modalidad intensiva y presencial constando de 50 horas. En cada sesi\u00f3n en el aula se combinar\u00e1n una serie de m\u00f3dulos, que tendr\u00e1n en com\u00fan una peque\u00f1a introducci\u00f3n te\u00f3rica, con la consiguiente puesta en pr\u00e1ctica de los contenidos impartidos. De esta manera conjugar\u00e1n todos los elementos principales para la iniciaci\u00f3n en la lengua \u00e1rabe: escritura, fon\u00e9tica, vocabulario y conversaci\u00f3n.<\/p>\n<p>Tambi\u00e9n se incidir\u00e1 en aspectos vinculados de la lengua con la cultura \u00e1rabe isl\u00e1mica. La evaluaci\u00f3n se har\u00e1 en funci\u00f3n de la adquisici\u00f3n y logros de los objetivos marcados en el programa y es un elemento m\u00e1s dentro del proceso global del aprendizaje. Al finalizar el curso se realizar\u00e1 un examen para valorar los conocimientos adquiridos que se a\u00f1adir\u00e1n a la evaluaci\u00f3n continua.<\/p>\n<p>La inscripci\u00f3n se podr\u00e1 realizar hasta el pr\u00f3ximo 6 de junio.<\/p>\n<p><a href=\"https:\/\/sede.fg.ull.es\/es\/idioma\/detalle\/a14050277\/iniciacion-al-arabe-marroqui-iniciacion-a-la-lengua-y-la-escritura-arabe\">M\u00e1s informaci\u00f3n e inscripci\u00f3n aqu\u00ed<\/a><\/p>\n","protected":false},"excerpt":{"rendered":"<p>El Servicio de Idiomas de la ULL ofrece un nuevo curso de introducci\u00f3n a la lengua y escritura \u00e1rabe-marroqu\u00ed. Tendr\u00e1 una duraci\u00f3n de 50 horas presenciales y se impartir\u00e1 del 9 al 26 de junio en horario de 16 a 20:30 horas.<\/p>\n","protected":false},"author":1,"featured_media":0,"comment_status":"closed","ping_status":"closed","sticky":false,"template":"","format":"standard","meta":{"footnotes":""},"categories":[3],"tags":[],"_links":{"self":[{"href":"https:\/\/fg.ull.es\/idiomas\/wp-json\/wp\/v2\/posts\/1925"}],"collection":[{"href":"https:\/\/fg.ull.es\/idiomas\/wp-json\/wp\/v2\/posts"}],"about":[{"href":"https:\/\/fg.ull.es\/idiomas\/wp-json\/wp\/v2\/types\/post"}],"author":[{"embeddable":true,"href":"https:\/\/fg.ull.es\/idiomas\/wp-json\/wp\/v2\/users\/1"}],"replies":[{"embeddable":true,"href":"https:\/\/fg.ull.es\/idiomas\/wp-json\/wp\/v2\/comments?post=1925"}],"version-history":[{"count":0,"href":"https:\/\/fg.ull.es\/idiomas\/wp-json\/wp\/v2\/posts\/1925\/revisions"}],"wp:attachment":[{"href":"https:\/\/fg.ull.es\/idiomas\/wp-json\/wp\/v2\/media?parent=1925"}],"wp:term":[{"taxonomy":"category","embeddable":true,"href":"https:\/\/fg.ull.es\/idiomas\/wp-json\/wp\/v2\/categories?post=1925"},{"taxonomy":"post_tag","embeddable":true,"href":"https:\/\/fg.ull.es\/idiomas\/wp-json\/wp\/v2\/tags?post=1925"}],"curies":[{"name":"wp","href":"https:\/\/api.w.org\/{rel}","templated":true}]}}