{"id":11181,"date":"2026-01-22T14:09:34","date_gmt":"2026-01-22T14:09:34","guid":{"rendered":"https:\/\/fg.ull.es\/idiomas\/?p=11181"},"modified":"2026-01-22T14:11:22","modified_gmt":"2026-01-22T14:11:22","slug":"resolucion-provisional-de-solicitudes-admitidas-y-no-admitidas-al-procedimiento-de-becas-universitas-prolingua-para-el-alumnado-del-servicio-de-idiomas-de-la-universidad-de-la-laguna-matriculado-duran","status":"publish","type":"post","link":"https:\/\/fg.ull.es\/idiomas\/2026\/01\/22\/resolucion-provisional-de-solicitudes-admitidas-y-no-admitidas-al-procedimiento-de-becas-universitas-prolingua-para-el-alumnado-del-servicio-de-idiomas-de-la-universidad-de-la-laguna-matriculado-duran\/","title":{"rendered":"Resoluci\u00f3n provisional de solicitudes admitidas y no admitidas al procedimiento de Becas Universitas Prolingua para el alumnado del Servicio de Idiomas de la Universidad de La Laguna matriculado durante el primer cuatrimestre del curso acad\u00e9mico 2025\/2026"},"content":{"rendered":"\n<p>Analizadas las solicitudes presentadas y verificado el cumplimiento de los requisitos de participaci\u00f3n establecidos en la convocatoria se publican los listados provisionales de solicitudes admitidas y no admitidas al procedimiento:&nbsp;<\/p>\n\n\n\n<ul>\n<li><a href=\"https:\/\/drive.google.com\/file\/d\/1UKoCH-ZdEOVPIlSKfrFeejSIotJpgpW3\/view?usp=sharing\">Listado provisional<\/a> (Figurar en este listado no significa tener concedida la beca)<\/li>\n<\/ul>\n\n\n\n<p>Las personas excluidas dispondr\u00e1n de un plazo de 5 d\u00edas h\u00e1biles, que finaliza el<strong> 29 de enero a las 23:59 horas<\/strong>, para subsanar los defectos advertidos o para formular alegaciones si consideran indebida la exclusi\u00f3n.&nbsp;<\/p>\n\n\n\n<p>\u00c9stas se har\u00e1n, de forma exclusiva por correo electr\u00f3nico, enviando el documento de alegaciones, junto con la documentaci\u00f3n, a formacion@fg.ull.es<\/p>\n\n\n\n<ul>\n<li>Documento de alegaciones (<a href=\"https:\/\/docs.google.com\/document\/d\/19GHrQkGkEd_QJ349yA1-eCtC96EzYZkY\/edit?usp=sharing&amp;ouid=113179592562885752431&amp;rtpof=true&amp;sd=true\">DOC<\/a>, <a href=\"https:\/\/drive.google.com\/file\/d\/1kuSqQMwiNqQbLqAcYUkIfZNbCetrU4_q\/view?usp=sharing\">PDF<\/a>, <a href=\"https:\/\/drive.google.com\/file\/d\/1vUO8X21jUY0pknZit_ytwTB-A5J4IZVu\/view?usp=sharing\">ODT<\/a>)<\/li>\n<\/ul>\n\n\n\n<p>Finalizado dicho plazo y resueltas las alegaciones presentadas se proceder\u00e1 a publicar los listados definitivos de admisiones y exclusiones, y los listados provisionales de adjudicaciones de becas.<\/p>\n\n\n\n<p>Para la valoraci\u00f3n de todas y cada una de las solicitudes se ha tomado como fundamento lo especificado en las <a href=\"https:\/\/drive.google.com\/file\/d\/1iTkpiGH4Stj_V4v5jgNc37qc6rbikxOC\/view?usp=sharing\">bases de la convocatoria<\/a>.<\/p>\n","protected":false},"excerpt":{"rendered":"<p>Analizadas las solicitudes presentadas y verificado el cumplimiento de los requisitos de participaci\u00f3n establecidos en la convocatoria se publican los listados provisionales de solicitudes admitidas y no admitidas al procedimiento:&nbsp; Las personas excluidas dispondr\u00e1n de un plazo de 5 d\u00edas h\u00e1biles, que finaliza el 29 de enero a las 23:59 horas, para subsanar los defectos&#8230;<\/p>\n","protected":false},"author":72,"featured_media":0,"comment_status":"closed","ping_status":"closed","sticky":false,"template":"","format":"standard","meta":{"footnotes":""},"categories":[3,4],"tags":[72,128,129],"_links":{"self":[{"href":"https:\/\/fg.ull.es\/idiomas\/wp-json\/wp\/v2\/posts\/11181"}],"collection":[{"href":"https:\/\/fg.ull.es\/idiomas\/wp-json\/wp\/v2\/posts"}],"about":[{"href":"https:\/\/fg.ull.es\/idiomas\/wp-json\/wp\/v2\/types\/post"}],"author":[{"embeddable":true,"href":"https:\/\/fg.ull.es\/idiomas\/wp-json\/wp\/v2\/users\/72"}],"replies":[{"embeddable":true,"href":"https:\/\/fg.ull.es\/idiomas\/wp-json\/wp\/v2\/comments?post=11181"}],"version-history":[{"count":2,"href":"https:\/\/fg.ull.es\/idiomas\/wp-json\/wp\/v2\/posts\/11181\/revisions"}],"predecessor-version":[{"id":11183,"href":"https:\/\/fg.ull.es\/idiomas\/wp-json\/wp\/v2\/posts\/11181\/revisions\/11183"}],"wp:attachment":[{"href":"https:\/\/fg.ull.es\/idiomas\/wp-json\/wp\/v2\/media?parent=11181"}],"wp:term":[{"taxonomy":"category","embeddable":true,"href":"https:\/\/fg.ull.es\/idiomas\/wp-json\/wp\/v2\/categories?post=11181"},{"taxonomy":"post_tag","embeddable":true,"href":"https:\/\/fg.ull.es\/idiomas\/wp-json\/wp\/v2\/tags?post=11181"}],"curies":[{"name":"wp","href":"https:\/\/api.w.org\/{rel}","templated":true}]}}