{"id":1015,"date":"2013-11-07T11:17:36","date_gmt":"2013-11-07T11:17:36","guid":{"rendered":"https:\/\/fg.ull.es\/idiomas\/?p=1015"},"modified":"2013-11-07T11:17:36","modified_gmt":"2013-11-07T11:17:36","slug":"nuevo-intercambio-de-conversacion-del-servicio-de-idiomas","status":"publish","type":"post","link":"https:\/\/fg.ull.es\/idiomas\/2013\/11\/07\/nuevo-intercambio-de-conversacion-del-servicio-de-idiomas\/","title":{"rendered":"Nuevo intercambio de conversaci\u00f3n del Servicio de Idiomas"},"content":{"rendered":"<p>Tendr\u00e1 lugar el pr\u00f3ximo 15 de noviembre de 12:30 a 14 horas; la participaci\u00f3n es abierta tanto para alumnado del Servicio como para cualquier persona interesada.<\/p>\n<p><a href=\"https:\/\/fg.ull.es\/idiomas\/wp-content\/uploads\/sites\/13\/2013\/11\/intercambio_de_conversacion_en_el_servicio_de_idiomas_de_la_ulljpg-1.jpg\"><img decoding=\"async\" loading=\"lazy\" class=\"size-medium wp-image-1004 aligncenter\" alt=\"intercambio_de_conversacion_en_el_servicio_de_idiomas_de_la_ulljpg\" src=\"https:\/\/fg.ull.es\/idiomas\/wp-content\/uploads\/sites\/13\/2013\/11\/intercambio_de_conversacion_en_el_servicio_de_idiomas_de_la_ulljpg-1-212x300.jpg\" width=\"212\" height=\"300\" srcset=\"https:\/\/fg.ull.es\/idiomas\/wp-content\/uploads\/sites\/13\/2013\/11\/intercambio_de_conversacion_en_el_servicio_de_idiomas_de_la_ulljpg-1-212x300.jpg 212w, https:\/\/fg.ull.es\/idiomas\/wp-content\/uploads\/sites\/13\/2013\/11\/intercambio_de_conversacion_en_el_servicio_de_idiomas_de_la_ulljpg-1-724x1024.jpg 724w, https:\/\/fg.ull.es\/idiomas\/wp-content\/uploads\/sites\/13\/2013\/11\/intercambio_de_conversacion_en_el_servicio_de_idiomas_de_la_ulljpg-1.jpg 753w\" sizes=\"(max-width: 212px) 100vw, 212px\" \/><\/a><\/p>\n<p><a href=\"https:\/\/fg.ull.es\/idiomas\/wp-content\/uploads\/sites\/13\/2013\/11\/intercambio_de_conversacion_en_el_servicio_de_idiomas_de_la_ulljpg-1.jpg\"><!--more--><\/a><\/p>\n<p style=\"text-align: justify\">El\u00a0<em><strong>Servicio de Idiomas de la Universidad de La Laguna<\/strong><\/em>\u00a0organiza un nuevo intercambio de conversaci\u00f3n para practicar de forma relajada y amena diferentes idiomas. La nueva cita se celebrar\u00e1 el pr\u00f3ximo 15 de noviembre de 12.30 a 14 horas en el aulario de la Fundaci\u00f3n. No es necesario incribirse; las personas interesadas simplemente deber\u00e1n acudir a la hora indicada.<\/p>\n<p style=\"text-align: justify\">La participaci\u00f3n es abierta tanto para el alumnado del Servicio de Idiomas como apra cualquier person interesada en pasar un buen rato practicando idiomas.<\/p>\n","protected":false},"excerpt":{"rendered":"<p>Tendr\u00e1 lugar el pr\u00f3ximo 15 de noviembre de 12:30 a 14 horas; la participaci\u00f3n es abierta tanto para alumnado del Servicio como para cualquier persona interesada.<\/p>\n","protected":false},"author":1,"featured_media":0,"comment_status":"closed","ping_status":"closed","sticky":false,"template":"","format":"standard","meta":{"footnotes":""},"categories":[3],"tags":[],"_links":{"self":[{"href":"https:\/\/fg.ull.es\/idiomas\/wp-json\/wp\/v2\/posts\/1015"}],"collection":[{"href":"https:\/\/fg.ull.es\/idiomas\/wp-json\/wp\/v2\/posts"}],"about":[{"href":"https:\/\/fg.ull.es\/idiomas\/wp-json\/wp\/v2\/types\/post"}],"author":[{"embeddable":true,"href":"https:\/\/fg.ull.es\/idiomas\/wp-json\/wp\/v2\/users\/1"}],"replies":[{"embeddable":true,"href":"https:\/\/fg.ull.es\/idiomas\/wp-json\/wp\/v2\/comments?post=1015"}],"version-history":[{"count":0,"href":"https:\/\/fg.ull.es\/idiomas\/wp-json\/wp\/v2\/posts\/1015\/revisions"}],"wp:attachment":[{"href":"https:\/\/fg.ull.es\/idiomas\/wp-json\/wp\/v2\/media?parent=1015"}],"wp:term":[{"taxonomy":"category","embeddable":true,"href":"https:\/\/fg.ull.es\/idiomas\/wp-json\/wp\/v2\/categories?post=1015"},{"taxonomy":"post_tag","embeddable":true,"href":"https:\/\/fg.ull.es\/idiomas\/wp-json\/wp\/v2\/tags?post=1015"}],"curies":[{"name":"wp","href":"https:\/\/api.w.org\/{rel}","templated":true}]}}