{"id":1011,"date":"2013-11-08T11:09:59","date_gmt":"2013-11-08T11:09:59","guid":{"rendered":"https:\/\/fg.ull.es\/idiomas\/?p=1011"},"modified":"2013-11-08T11:09:59","modified_gmt":"2013-11-08T11:09:59","slug":"la-palma-acogera-siete-cursos-de-ingles-y-aleman-del-servicio-de-idiomas-de-la-ull-a-partir-del-18-de-noviembre","status":"publish","type":"post","link":"https:\/\/fg.ull.es\/idiomas\/2013\/11\/08\/la-palma-acogera-siete-cursos-de-ingles-y-aleman-del-servicio-de-idiomas-de-la-ull-a-partir-del-18-de-noviembre\/","title":{"rendered":"La Palma acoger\u00e1 siete cursos de ingl\u00e9s y alem\u00e1n del Servicio de Idiomas de la ULL a partir del 18 de noviembre"},"content":{"rendered":"<p style=\"text-align: justify\">Se ofertan gran variedad de cursos que con la subvenci\u00f3n del Cabildo Insular de La Palma tienen un coste final de 10 euros para las personas interesadas. Adem\u00e1s, el Servicio de Idiomas de la Universidad de La Laguna ha abierto una bolsa de empleo en la Isla para profesorado de alem\u00e1n.<\/p>\n<p>\u00a0<a href=\"https:\/\/fg.ull.es\/idiomas\/wp-content\/uploads\/sites\/13\/2013\/11\/cursos_de_idiomas_en_la_palmajpg.jpg\"><img decoding=\"async\" loading=\"lazy\" class=\"size-full wp-image-1012 aligncenter\" alt=\"cursos_de_idiomas_en_la_palmajpg\" src=\"https:\/\/fg.ull.es\/idiomas\/wp-content\/uploads\/sites\/13\/2013\/11\/cursos_de_idiomas_en_la_palmajpg.jpg\" width=\"753\" height=\"193\" srcset=\"https:\/\/fg.ull.es\/idiomas\/wp-content\/uploads\/sites\/13\/2013\/11\/cursos_de_idiomas_en_la_palmajpg.jpg 753w, https:\/\/fg.ull.es\/idiomas\/wp-content\/uploads\/sites\/13\/2013\/11\/cursos_de_idiomas_en_la_palmajpg-300x77.jpg 300w\" sizes=\"(max-width: 753px) 100vw, 753px\" \/><!--more--><\/a><\/p>\n<p>&nbsp;<\/p>\n<p style=\"text-align: justify\">El Servicio de Idiomas de la Universidad de La Laguna, gestionado por su Fundaci\u00f3n General, colabora con el Cabildo Insular de La Palma para ofrecer a las personas de la isla una variedad de cursos de idiomas destinada a diferentes perfiles profesionales y tambi\u00e9n de car\u00e1cter gen\u00e9rico.<\/p>\n<p style=\"text-align: justify\">Las actividades formativas dar\u00e1n\u00a0<strong>comienzo el 18 de noviembre\u00a0<\/strong>y se impartir\u00e1n hasta el 12 de febrero de 2014 en la Casa Rosada en Santa Cruz de La Palma.<\/p>\n<p style=\"text-align: justify\"><a href=\"https:\/\/sede.fg.ull.es\/es\/idioma\">(Inscripci\u00f3n aqu\u00ed)<\/a><\/p>\n<p style=\"text-align: justify\">Se ofertan siete cursos, de ingl\u00e9s y alem\u00e1n. En ingl\u00e9s encontramos: atenci\u00f3n al cliente nivel b\u00e1sico, nivel intermedio I y II de atenci\u00f3n al cliente para actividades tur\u00edsticas, preparatorio de nivel B1 y A2.2 para personal sanitario. Por su parte, las personas interesadas en el estudio del alem\u00e1n podr\u00e1n matricularse en un curso de atenci\u00f3n al cliente b\u00e1sico y de nivel intermedio I de atenci\u00f3n al cliente.<\/p>\n<p style=\"text-align: justify\">Varios cursos ofrecen la opci\u00f3n de grupo de ma\u00f1ana o de tarde, facilitando as\u00ed la asistencia al alumnado. Por otro lado, se requerir\u00e1 un nivel m\u00ednimo de conocimientos del idioma para poder acceder a ciertas formaciones. Para ello se fijar\u00e1n unas pruebas de nivel gratuitas. Toda la informaci\u00f3n est\u00e1 disponible en la web de la sede electr\u00f3nica de la Fundaci\u00f3n General de la Universidad de La Laguna.<\/p>\n<p style=\"text-align: justify\"><strong>Se precisa profesorado de alem\u00e1n<\/strong><\/p>\n<p style=\"text-align: justify\">Adem\u00e1s, el Servicio de Idiomas de la ULL ha abierto una bolsa de empleo para profesorado de alem\u00e1n para la Isla. Para ello, se requieren profesionales con titulaci\u00f3n superior o profesorado universitario con experiencia en la ense\u00f1anza de idiomas que puedan acreditar el dominio del idioma alem\u00e1n y que residan en la isla de La Palma.<\/p>\n<p style=\"text-align: justify\">Para acceder a esta bolsa de empleo ser\u00e1 preciso formalizar el alta en la plataforma de gesti\u00f3n de curr\u00edculos de la Fundaci\u00f3n General de la Universidad de La Laguna.<\/p>\n","protected":false},"excerpt":{"rendered":"<p>Se ofertan gran variedad de cursos que con la subvenci\u00f3n del Cabildo Insular de La Palma tienen un coste final de 10 euros para las personas interesadas. Adem\u00e1s, el Servicio de Idiomas de la Universidad de La Laguna ha abierto una bolsa de empleo en la Isla para profesorado de alem\u00e1n. \u00a0<\/p>\n","protected":false},"author":1,"featured_media":0,"comment_status":"closed","ping_status":"closed","sticky":false,"template":"","format":"standard","meta":{"footnotes":""},"categories":[3],"tags":[44,92],"_links":{"self":[{"href":"https:\/\/fg.ull.es\/idiomas\/wp-json\/wp\/v2\/posts\/1011"}],"collection":[{"href":"https:\/\/fg.ull.es\/idiomas\/wp-json\/wp\/v2\/posts"}],"about":[{"href":"https:\/\/fg.ull.es\/idiomas\/wp-json\/wp\/v2\/types\/post"}],"author":[{"embeddable":true,"href":"https:\/\/fg.ull.es\/idiomas\/wp-json\/wp\/v2\/users\/1"}],"replies":[{"embeddable":true,"href":"https:\/\/fg.ull.es\/idiomas\/wp-json\/wp\/v2\/comments?post=1011"}],"version-history":[{"count":0,"href":"https:\/\/fg.ull.es\/idiomas\/wp-json\/wp\/v2\/posts\/1011\/revisions"}],"wp:attachment":[{"href":"https:\/\/fg.ull.es\/idiomas\/wp-json\/wp\/v2\/media?parent=1011"}],"wp:term":[{"taxonomy":"category","embeddable":true,"href":"https:\/\/fg.ull.es\/idiomas\/wp-json\/wp\/v2\/categories?post=1011"},{"taxonomy":"post_tag","embeddable":true,"href":"https:\/\/fg.ull.es\/idiomas\/wp-json\/wp\/v2\/tags?post=1011"}],"curies":[{"name":"wp","href":"https:\/\/api.w.org\/{rel}","templated":true}]}}