{"id":1006,"date":"2013-11-12T11:08:02","date_gmt":"2013-11-12T11:08:02","guid":{"rendered":"https:\/\/fg.ull.es\/idiomas\/?p=1006"},"modified":"2013-11-12T11:08:02","modified_gmt":"2013-11-12T11:08:02","slug":"publicado-el-listado-provisional-de-becas-prolingua-2013","status":"publish","type":"post","link":"https:\/\/fg.ull.es\/idiomas\/2013\/11\/12\/publicado-el-listado-provisional-de-becas-prolingua-2013\/","title":{"rendered":"Publicado el listado provisional de becas Prolingua 2013"},"content":{"rendered":"<p style=\"text-align: justify\">Una vez examinadas las solicitudes presentadas, la comisi\u00f3n evaluadora publica el listado provisional de becas concedidas, reservas y denegadas.<\/p>\n<p>\u00a0<a href=\"https:\/\/fg.ull.es\/idiomas\/wp-content\/uploads\/sites\/13\/2013\/11\/servicio_de_idiomas_de_la_universidad_de_la_lagunajpg.jpg\"><img decoding=\"async\" loading=\"lazy\" class=\"size-medium wp-image-1008 aligncenter\" alt=\"servicio_de_idiomas_de_la_universidad_de_la_lagunajpg\" src=\"https:\/\/fg.ull.es\/idiomas\/wp-content\/uploads\/sites\/13\/2013\/11\/servicio_de_idiomas_de_la_universidad_de_la_lagunajpg-300x156.jpg\" width=\"300\" height=\"156\" \/><\/a><br \/>\n<!--more--><\/p>\n<p style=\"text-align: justify\">Reunida, hoy d\u00eda 12 de noviembre de 2013, la comisi\u00f3n evaluadora de Prolingua 2013, se hace p\u00fablica la lista provisional de becas concedidas, la de reserva y la de denegadas.<\/p>\n<p style=\"text-align: justify\"><a href=\"http:\/\/www.fg.ull.es\/public\/docs\/990_p2_listado_provisional_de_becas_concedidas.pdf\" target=\"_blank\">Listado provisional de becas concedidas<\/a><\/p>\n<p style=\"text-align: justify\"><a href=\"http:\/\/www.fg.ull.es\/public\/docs\/991_do_listado_provisional_de_becas_en_reserva.pdf\" target=\"_blank\">Listado provisional de becas en reserva<\/a><\/p>\n<p style=\"text-align: justify\"><a href=\"http:\/\/www.fg.ull.es\/public\/docs\/992_ts_listado_provisional_de_becas_denegadas.pdf\" target=\"_blank\">Listado provisional de becas denegadas<\/a><\/p>\n<p style=\"text-align: justify\"><a href=\"http:\/\/www.fg.ull.es\/public\/docs\/993_xv_acta_de_resolucion_provisional.pdf\" target=\"_blank\">Acta de resoluci\u00f3n provisional<\/a><\/p>\n<p style=\"text-align: justify\">El plazo para la presentaci\u00f3n de reclamaciones y\/o aportar documentaci\u00f3n finaliza el \u00a0d\u00eda\u00a0<strong>18 de noviembre de 2013 a las 14:00 horas.\u00a0<\/strong>Transcurrido este plazo se publicar\u00e1n las listas definitivas y se indicar\u00e1 el plazo para que aquellas personas\u00a0 que no han obtenido beca abonen la tasa de matr\u00edcula correspondiente.<\/p>\n","protected":false},"excerpt":{"rendered":"<p>Una vez examinadas las solicitudes presentadas, la comisi\u00f3n evaluadora publica el listado provisional de becas concedidas, reservas y denegadas. \u00a0<\/p>\n","protected":false},"author":1,"featured_media":0,"comment_status":"closed","ping_status":"closed","sticky":false,"template":"","format":"standard","meta":{"footnotes":""},"categories":[3],"tags":[22,97,143],"_links":{"self":[{"href":"https:\/\/fg.ull.es\/idiomas\/wp-json\/wp\/v2\/posts\/1006"}],"collection":[{"href":"https:\/\/fg.ull.es\/idiomas\/wp-json\/wp\/v2\/posts"}],"about":[{"href":"https:\/\/fg.ull.es\/idiomas\/wp-json\/wp\/v2\/types\/post"}],"author":[{"embeddable":true,"href":"https:\/\/fg.ull.es\/idiomas\/wp-json\/wp\/v2\/users\/1"}],"replies":[{"embeddable":true,"href":"https:\/\/fg.ull.es\/idiomas\/wp-json\/wp\/v2\/comments?post=1006"}],"version-history":[{"count":0,"href":"https:\/\/fg.ull.es\/idiomas\/wp-json\/wp\/v2\/posts\/1006\/revisions"}],"wp:attachment":[{"href":"https:\/\/fg.ull.es\/idiomas\/wp-json\/wp\/v2\/media?parent=1006"}],"wp:term":[{"taxonomy":"category","embeddable":true,"href":"https:\/\/fg.ull.es\/idiomas\/wp-json\/wp\/v2\/categories?post=1006"},{"taxonomy":"post_tag","embeddable":true,"href":"https:\/\/fg.ull.es\/idiomas\/wp-json\/wp\/v2\/tags?post=1006"}],"curies":[{"name":"wp","href":"https:\/\/api.w.org\/{rel}","templated":true}]}}