{"id":1002,"date":"2013-11-14T11:07:16","date_gmt":"2013-11-14T11:07:16","guid":{"rendered":"https:\/\/fg.ull.es\/idiomas\/?p=1002"},"modified":"2013-11-14T11:07:16","modified_gmt":"2013-11-14T11:07:16","slug":"practica-de-idiomas-abierta-manana-en-el-servicio-de-idiomas-de-la-universidad-de-la-laguna","status":"publish","type":"post","link":"https:\/\/fg.ull.es\/idiomas\/2013\/11\/14\/practica-de-idiomas-abierta-manana-en-el-servicio-de-idiomas-de-la-universidad-de-la-laguna\/","title":{"rendered":"Pr\u00e1ctica de idiomas abierta ma\u00f1ana en el Servicio de Idiomas de la Universidad de La Laguna"},"content":{"rendered":"<p style=\"text-align: justify\">Ma\u00f1ana viernes 15 de noviembre, todas las personas interesadas en practicar un idioma podr\u00e1n acercarse al aulario de la Fundaci\u00f3n General de 12.30 a 14 horas para participar en un intercambio de conversaci\u00f3n.<\/p>\n<p><a href=\"https:\/\/fg.ull.es\/idiomas\/wp-content\/uploads\/sites\/13\/2013\/11\/intercambio_de_conversacion_en_el_servicio_de_idiomas_de_la_ulljpg-1.jpg\"><img decoding=\"async\" loading=\"lazy\" class=\"size-medium wp-image-1004 aligncenter\" alt=\"intercambio_de_conversacion_en_el_servicio_de_idiomas_de_la_ulljpg\" src=\"https:\/\/fg.ull.es\/idiomas\/wp-content\/uploads\/sites\/13\/2013\/11\/intercambio_de_conversacion_en_el_servicio_de_idiomas_de_la_ulljpg-1-212x300.jpg\" width=\"212\" height=\"300\" srcset=\"https:\/\/fg.ull.es\/idiomas\/wp-content\/uploads\/sites\/13\/2013\/11\/intercambio_de_conversacion_en_el_servicio_de_idiomas_de_la_ulljpg-1-212x300.jpg 212w, https:\/\/fg.ull.es\/idiomas\/wp-content\/uploads\/sites\/13\/2013\/11\/intercambio_de_conversacion_en_el_servicio_de_idiomas_de_la_ulljpg-1-724x1024.jpg 724w, https:\/\/fg.ull.es\/idiomas\/wp-content\/uploads\/sites\/13\/2013\/11\/intercambio_de_conversacion_en_el_servicio_de_idiomas_de_la_ulljpg-1.jpg 753w\" sizes=\"(max-width: 212px) 100vw, 212px\" \/><\/a><\/p>\n<p><!--more--><\/p>\n<p style=\"text-align: justify\">El Servicio de Idiomas de la Universidad de La Laguna invita a todas las personas interesadas en la pr\u00e1cticas de idiomas a un nuevo intercambio de conversaci\u00f3n. El objetivo es que puedan experimentar de forma relajada y divertida la conversaci\u00f3n en diferentes idiomas.<\/p>\n<p style=\"text-align: justify\">Para participar no es necesario incribirse; quien lo desee simplemente deber\u00e1 acudir a la hora indicada.<\/p>\n","protected":false},"excerpt":{"rendered":"<p>Ma\u00f1ana viernes 15 de noviembre, todas las personas interesadas en practicar un idioma podr\u00e1n acercarse al aulario de la Fundaci\u00f3n General de 12.30 a 14 horas para participar en un intercambio de conversaci\u00f3n.<\/p>\n","protected":false},"author":1,"featured_media":0,"comment_status":"closed","ping_status":"closed","sticky":false,"template":"","format":"standard","meta":{"footnotes":""},"categories":[3],"tags":[37,66,72,85,135],"_links":{"self":[{"href":"https:\/\/fg.ull.es\/idiomas\/wp-json\/wp\/v2\/posts\/1002"}],"collection":[{"href":"https:\/\/fg.ull.es\/idiomas\/wp-json\/wp\/v2\/posts"}],"about":[{"href":"https:\/\/fg.ull.es\/idiomas\/wp-json\/wp\/v2\/types\/post"}],"author":[{"embeddable":true,"href":"https:\/\/fg.ull.es\/idiomas\/wp-json\/wp\/v2\/users\/1"}],"replies":[{"embeddable":true,"href":"https:\/\/fg.ull.es\/idiomas\/wp-json\/wp\/v2\/comments?post=1002"}],"version-history":[{"count":0,"href":"https:\/\/fg.ull.es\/idiomas\/wp-json\/wp\/v2\/posts\/1002\/revisions"}],"wp:attachment":[{"href":"https:\/\/fg.ull.es\/idiomas\/wp-json\/wp\/v2\/media?parent=1002"}],"wp:term":[{"taxonomy":"category","embeddable":true,"href":"https:\/\/fg.ull.es\/idiomas\/wp-json\/wp\/v2\/categories?post=1002"},{"taxonomy":"post_tag","embeddable":true,"href":"https:\/\/fg.ull.es\/idiomas\/wp-json\/wp\/v2\/tags?post=1002"}],"curies":[{"name":"wp","href":"https:\/\/api.w.org\/{rel}","templated":true}]}}