{"id":9977,"date":"2012-04-30T11:40:13","date_gmt":"2012-04-30T11:40:13","guid":{"rendered":"http:\/\/www.fg.ull.es\/?p=9977"},"modified":"2012-04-30T11:40:13","modified_gmt":"2012-04-30T11:40:13","slug":"el-acceso-al-empleo-desde-la-optica-de-universitarios-y-empresas-en-un-video-con-motivo-del-iv-foro-de-empleo-de-la-ull","status":"publish","type":"post","link":"https:\/\/fg.ull.es\/hemeroteca\/2012\/04\/30\/el-acceso-al-empleo-desde-la-optica-de-universitarios-y-empresas-en-un-video-con-motivo-del-iv-foro-de-empleo-de-la-ull\/","title":{"rendered":"El acceso al empleo desde la \u00f3ptica de universitarios y empresas en un video con motivo del IV Foro de Empleo de la ULL"},"content":{"rendered":"<p>La Feull y la Unidad de Docencia Virtual colaboran en la creaci\u00f3n de este video-reportaje con motivo del IV Foro de Empleo de la ULL que tendr\u00e1 lugar el pr\u00f3ximo 9 de mayo.<\/p>\n<p>La <a href='http:\/\/udv.ull.es\/portal\/'>Unidad de Docencia Virtual <\/a>a trav&eacute;s de ULLMedia, la plataforma audiovisual a disposici&oacute;n de la comunidad  universitaria, ha colaborado recientemente con la Feull en la creaci&oacute;n de reportaje con formato documental en el que han participado cuatro estudiantes de la <a href='http:\/\/www.ull.es\/view\/institucional\/ull\/Inicio\/es'>Universidad de La Laguna<\/a> y cuatro empresarios de Tenerife. El resultado ha sido un mini-reportaje de ocho minutos y una versi&oacute;n m&aacute;s corta de dos minutos. En el video, estudiantes y empresarios ofrecen su visi&oacute;n sobre el acceso al empleo por parte del colectivo universitario, sus dificultades e inquietudes.<\/p>\n<p><a href='http:\/\/ullmedia.udv.ull.es\/watch_video.php?v=BDSNKHYW29A7'>(Si quieres ver el video haz click aqu&iacute;)<\/a><\/p>\n<p>Con este video colaborativo se pretende animar a estudiantes y empresas a participar en el pr&oacute;ximo <strong>Foro de Empleo de la ULL<\/strong>, que celebra su IV edici&oacute;n el pr&oacute;ximo 9 de mayo.<\/p>\n<p><strong>IV Foro de Empleo de la ULL<\/strong><\/p>\n<p>Se estima que <strong>participar&aacute;n en torno a 30 empresas y organizaciones <\/strong>que se aproximar&aacute;n a los estudiantes y personas tituladas por la ULL.&nbsp; Asimismo, se podr&aacute; participar en cualquiera de los <a href='http:\/\/foroempleo.feull.org\/?page_id=118'>talleres gratuitos<\/a> organizados, relacionados con la empleabilidad desde diversas perspectivas. Aunque es posible que este n&uacute;mero aumente, est&aacute;n<strong> confirmados una treintena de talleres<\/strong>,  con una duraci&oacute;n de cincuenta minutos, impartidos por profesores de la  ULL, profesionales de la orientaci&oacute;n laboral y otras &aacute;reas, empresarios y  consultores especializados. Para participar es preciso formalizar una  inscripci&oacute;n previa en el Portal Servicios de la Fundaci&oacute;n Empresa  Universidad de La Laguna (<a href='https:\/\/servicios.feu.ull.es\/'>hacer click aqu&iacute;<\/a>).<\/p>\n<p>Por &uacute;ltimo, se podr&aacute; tomar parte en los <a href='http:\/\/foroempleo.feull.org\/?page_id=139'>`Encuentros&acute;<\/a>,  espacios de di&aacute;logo abierto con una duraci&oacute;n de treinta minutos en los  que intervendr&aacute;n empresarios, emprendedores y responsables de entidades  del &aacute;mbito del fomento del empleo y la inserci&oacute;n laboral. Es la f&oacute;rmula  elegida para <strong>acercar la realidad de las empresas y emprendedores, desde su propia voz, a los j&oacute;venes<\/strong> que integran la comunidad universitaria de la ULL, quienes tambi&eacute;n  podr&aacute;n plantear tambi&eacute;n sus inquietudes y dudas. Tambi&eacute;n es necesaria la<strong> inscripci&oacute;n previa<\/strong>.<\/p>\n<p><strong>Toda la informaci&oacute;n<\/strong> sobre los actos programados, encuentros y talleres est&aacute; disponible en la direcci&oacute;n web <a href='http:\/\/foroempleo.feull.org\/'>http:\/\/foroempleo.feull.org\/<\/a>.<\/p>\n<p>&nbsp;<\/p>\n","protected":false},"excerpt":{"rendered":"<p>La Feull y la Unidad de Docencia Virtual colaboran en la creaci\u00f3n de este video-reportaje con motivo del IV Foro de Empleo de la ULL que tendr\u00e1 lugar el pr\u00f3ximo 9 de mayo.<\/p>\n","protected":false},"author":36,"featured_media":9976,"comment_status":"closed","ping_status":"open","sticky":false,"template":"","format":"standard","meta":{"footnotes":""},"categories":[3],"tags":[173,518,677,1424],"featured_image_thumbnail_url":"https:\/\/fg.ull.es\/hemeroteca\/wp-content\/uploads\/sites\/14\/2015\/04\/705_6c_pantalla_udv-300x190.jpg","_links":{"self":[{"href":"https:\/\/fg.ull.es\/hemeroteca\/wp-json\/wp\/v2\/posts\/9977"}],"collection":[{"href":"https:\/\/fg.ull.es\/hemeroteca\/wp-json\/wp\/v2\/posts"}],"about":[{"href":"https:\/\/fg.ull.es\/hemeroteca\/wp-json\/wp\/v2\/types\/post"}],"author":[{"embeddable":true,"href":"https:\/\/fg.ull.es\/hemeroteca\/wp-json\/wp\/v2\/users\/36"}],"replies":[{"embeddable":true,"href":"https:\/\/fg.ull.es\/hemeroteca\/wp-json\/wp\/v2\/comments?post=9977"}],"version-history":[{"count":0,"href":"https:\/\/fg.ull.es\/hemeroteca\/wp-json\/wp\/v2\/posts\/9977\/revisions"}],"wp:featuredmedia":[{"embeddable":true,"href":"https:\/\/fg.ull.es\/hemeroteca\/wp-json\/wp\/v2\/media\/9976"}],"wp:attachment":[{"href":"https:\/\/fg.ull.es\/hemeroteca\/wp-json\/wp\/v2\/media?parent=9977"}],"wp:term":[{"taxonomy":"category","embeddable":true,"href":"https:\/\/fg.ull.es\/hemeroteca\/wp-json\/wp\/v2\/categories?post=9977"},{"taxonomy":"post_tag","embeddable":true,"href":"https:\/\/fg.ull.es\/hemeroteca\/wp-json\/wp\/v2\/tags?post=9977"}],"curies":[{"name":"wp","href":"https:\/\/api.w.org\/{rel}","templated":true}]}}