{"id":9968,"date":"2012-04-27T12:14:03","date_gmt":"2012-04-27T12:14:03","guid":{"rendered":"http:\/\/www.fg.ull.es\/?p=9968"},"modified":"2012-04-27T12:14:03","modified_gmt":"2012-04-27T12:14:03","slug":"el-premio-goya-de-montaje-2009-participara-en-el-taller-de-postproduccion-de-video-del-espacio-universitario-audiovisual","status":"publish","type":"post","link":"https:\/\/fg.ull.es\/hemeroteca\/2012\/04\/27\/el-premio-goya-de-montaje-2009-participara-en-el-taller-de-postproduccion-de-video-del-espacio-universitario-audiovisual\/","title":{"rendered":"El Premio Goya de Montaje 2009 participar\u00e1 en el &#039;Taller de postproducci\u00f3n de v\u00eddeo&#039; del Espacio Universitario Audiovisual"},"content":{"rendered":"<p>El curso se impartir\u00e1 desde el 7 al 11 de mayo, cuenta con 25 horas presenciales y participar\u00e1n profesionales reconocidos dentro del sector audiovisual.<\/p>\n<p style='text-align: justify'>El <a href='http:\/\/eua.feull.org\/'>Espacio Universitario Audiovisua<\/a>l, impulsado por la Fundaci&oacute;n Empresa de la Universidad de La Laguna, presenta el <strong>`Taller intensivo en Postproducci&oacute;n de v&iacute;deo: Iniciaci&oacute;n al Final Cut Pro&#8217;<\/strong> que, desde el <strong>7 hasta el 11 de mayo de 2012<\/strong>, permitir&aacute; a los participantes conocer las diferentes herramientas t&eacute;cnicas para el montaje de v&iacute;deo, centr&aacute;ndose en el Final Cut Pro, uno de los programas utilizados por los profesionales del sector.<\/p>\n<p>El curso est&aacute; dirigido a <strong>profesionales de cualquier &aacute;mbito de actividad y estudiantes<\/strong>, que deseen incorporar a su curr&iacute;culum el valor a&ntilde;adido de poder realizar montajes audiovisuales. A trav&eacute;s de una metodolog&iacute;a de eminente car&aacute;cter pr&aacute;ctico y, mediante el uso de las distintas herramientas que ofrece la postproducci&oacute;n, el alumnado, una vez finalizado el curso, tendr&aacute; <strong>capacidad y autonom&iacute;a para montar v&iacute;deos y otras piezas de naturaleza visual<\/strong>.<\/p>\n<p>Con una duraci&oacute;n de <strong>25 horas presenciales<\/strong>, los participantes recibir&aacute;n docencia sobre diferentes aspectos relacionados con la postproducci&oacute;n: desde un an&aacute;lisis y conocimiento te&oacute;rico-pr&aacute;ctico del lenguaje audiovisual, pasando por el montaje en Final Cut, hasta la realizaci&oacute;n de una pr&aacute;ctica final, en la que deber&aacute;n demostrar los conocimientos adquiridos. El alumnado, adem&aacute;s, tendr&aacute; la oportunidad de asistir a la <strong>master class sobre montaje, impartida por Alejandro L&aacute;zaro, ganador del Premio Goya al Montaje, en la edici&oacute;n de 2009<\/strong>, por la obra &#8216;Los cr&iacute;menes de Oxford&#8217;.<\/p>\n<p>La docencia del taller correr&aacute; a cargo de<strong> profesionales del sector con una dilatada experienci<\/strong>a, como Alejandro Krawietz (Director del Festival Internacional de Cine Documental &#8216;MiradasDoc&#8217;), Roberto Lucas (Director de la productora &#8216;Ciudad Taller) y el propio Alejandro L&aacute;zaro (Premio Goya de Montaje 2009).<\/p>\n<p>Toda la informaci&oacute;n se puede encontrar en <a href='..\/..\/\/'>www.feull.org<\/a> y la <strong>matr&iacute;cula<\/strong> puede realizarse, desde la misma p&aacute;gina, a trav&eacute;s del <a href='https:\/\/servicios.feu.ull.es\/Portal\/'>Portal Servicios<\/a>.<\/p>\n<p><strong>Alejandro L&aacute;zaro, un &#8216;todoterreno&#8217; de la edici&oacute;n audiovisual<\/strong><\/p>\n<p>Alejandro L&aacute;zaro es uno de los <strong>montadores de v&iacute;deo m&aacute;s importantes de nuestro pa&iacute;s<\/strong>, con un importante reconocimiento a nivel nacional e internacional. Ha participado en la mayor parte de las pel&iacute;culas del exdirector de la Academia de las Artes y las Ciencias Cinematogr&aacute;ficas de Espa&ntilde;a, Alex de la Iglesia. Entre otros films, adem&aacute;s de la premiada &#8216;Los cr&iacute;menes de Oxford&#8217;, tambi&eacute;n ha trabajado en &#8216;La Comunidad&#8217;, &#8216;800 balas&#8217; o &#8216;Crimen Perfecto&#8217;.<\/p>\n<p>Tambi&eacute;n, ha ejercido su profesi&oacute;n en teleseries, como &#8216;La Princesa de &Eacute;boli&#8217;, as&iacute; como en diferentes spots de publicidad.<\/p>\n","protected":false},"excerpt":{"rendered":"<p>El curso se impartir\u00e1 desde el 7 al 11 de mayo, cuenta con 25 horas presenciales y participar\u00e1n profesionales reconocidos dentro del sector audiovisual.<\/p>\n","protected":false},"author":36,"featured_media":9967,"comment_status":"closed","ping_status":"open","sticky":false,"template":"","format":"standard","meta":{"footnotes":""},"categories":[5],"tags":[173,192,425,609,672],"featured_image_thumbnail_url":"https:\/\/fg.ull.es\/hemeroteca\/wp-content\/uploads\/sites\/14\/2015\/04\/702_ud_eua_cartel-212x300.jpg","_links":{"self":[{"href":"https:\/\/fg.ull.es\/hemeroteca\/wp-json\/wp\/v2\/posts\/9968"}],"collection":[{"href":"https:\/\/fg.ull.es\/hemeroteca\/wp-json\/wp\/v2\/posts"}],"about":[{"href":"https:\/\/fg.ull.es\/hemeroteca\/wp-json\/wp\/v2\/types\/post"}],"author":[{"embeddable":true,"href":"https:\/\/fg.ull.es\/hemeroteca\/wp-json\/wp\/v2\/users\/36"}],"replies":[{"embeddable":true,"href":"https:\/\/fg.ull.es\/hemeroteca\/wp-json\/wp\/v2\/comments?post=9968"}],"version-history":[{"count":0,"href":"https:\/\/fg.ull.es\/hemeroteca\/wp-json\/wp\/v2\/posts\/9968\/revisions"}],"wp:featuredmedia":[{"embeddable":true,"href":"https:\/\/fg.ull.es\/hemeroteca\/wp-json\/wp\/v2\/media\/9967"}],"wp:attachment":[{"href":"https:\/\/fg.ull.es\/hemeroteca\/wp-json\/wp\/v2\/media?parent=9968"}],"wp:term":[{"taxonomy":"category","embeddable":true,"href":"https:\/\/fg.ull.es\/hemeroteca\/wp-json\/wp\/v2\/categories?post=9968"},{"taxonomy":"post_tag","embeddable":true,"href":"https:\/\/fg.ull.es\/hemeroteca\/wp-json\/wp\/v2\/tags?post=9968"}],"curies":[{"name":"wp","href":"https:\/\/api.w.org\/{rel}","templated":true}]}}